{"id":19508,"date":"2019-12-04T09:28:43","date_gmt":"2019-12-04T12:28:43","guid":{"rendered":"http:\/\/www.sertsc.org.br\/site\/?p=11498"},"modified":"2019-12-04T09:28:43","modified_gmt":"2019-12-04T12:28:43","slug":"em-enquete-musica-e-o-conteudo-de-radio-preferido-para-68-dos-participantes","status":"publish","type":"post","link":"https:\/\/sertsc.org.br\/site\/em-enquete-musica-e-o-conteudo-de-radio-preferido-para-68-dos-participantes\/","title":{"rendered":"Em enquete, m\u00fasica \u00e9 o conte\u00fado de r\u00e1dio preferido para 68% dos participantes"},"content":{"rendered":"<p style=\"text-align: justify;\">Na reta final deste semestre, o\u00a0tudoradio.com\u00a0realizou uma enquete para medir a percep\u00e7\u00e3o dos visitantes do portal quanto ao conte\u00fado de r\u00e1dio preferido por parte da audi\u00eancia de r\u00e1dio. E, pelo menos para os mais de 500 votos de participa\u00e7\u00e3o na enquete, a m\u00fasica continua reinando na prefer\u00eancia dos ouvintes, seguido pelo jornalismo no r\u00e1dio. Acompanhe os detalhes:<\/p>\n<p style=\"text-align: justify;\">A equipe do portal perguntou: &#8220;Qual o tipo de conte\u00fado que voc\u00ea prefere consumir no r\u00e1dio?&#8221; E 367 participa\u00e7\u00f5es (68% do total) indiciou que a m\u00fasica \u00e9 o seu conte\u00fado preferido para ouvir no r\u00e1dio. Na sequ\u00eancia, o jornalismo ficou com 20%, sendo 10% para o conte\u00fado jornal\u00edstico local e 10% (apenas dois votos a menos) para o jornalismo nacional \/ internacional.<\/p>\n<p style=\"text-align: justify;\">Se considerarmos todo o conte\u00fado falado em r\u00e1dio, como jornalismo, not\u00edcias de tr\u00e2nsito, entrevistas \/ programas falados &#8211; talk-shows, esportes (programas esportivos &#8211; mesa redonda ou transmiss\u00f5es ao vivo), esse formato de programa\u00e7\u00e3o fica com 32% da prefer\u00eancia entre os votantes na enquete do\u00a0tudoradio.com.<\/p>\n<p style=\"text-align: justify;\">O resultado relacionado \u00e0 m\u00fasica como conte\u00fado prefer\u00eancia refor\u00e7a a import\u00e2ncia dessas produ\u00e7\u00f5es para o desempenho do r\u00e1dio. E isso bate com o\u00a0<strong><a href=\"https:\/\/tudoradio.com\/noticias\/ver\/22294-o-radio-hoje-kantar-ibope-media-lanca-o-inside-radio-2019-e-aponta-que-meio-atinge-todas-as-idades-no-brasil\">levantamento Inside Radio do Kantar Ibope Media<\/a><\/strong>, divulgado em setembro passado. Nele, 93% dos ouvintes (nos \u00faltimos 30 dias &#8211; abril a junho\/2019 &#8211; 13 pra\u00e7as) ouviram m\u00fasica no r\u00e1dio, sendo que 62% deles dizem acreditar que a m\u00fasica constitui parte importante em suas vidas.<\/p>\n<p style=\"text-align: justify;\">Em \u00e9poca de poss\u00edvel concorr\u00eancia com plataformas digitais para o consumo de m\u00fasicas, outro levantamento mostra a relev\u00e2ncia do r\u00e1dio para a execu\u00e7\u00e3o: segundo a Nielsen, um ve\u00edculo como o\u00a0<strong><a href=\"https:\/\/tudoradio.com\/noticias\/ver\/21376-o-radio-hoje-nielsen-aponta-que-midia-tradicional-serve-de-referencia-para-consumo-de-conteudo-on-line\">r\u00e1dio serve de refer\u00eancia para o consumo de \u00e1udio no digital<\/a><\/strong>.<\/p>\n<p style=\"text-align: justify;\">O resultado da enquete n\u00e3o resulta necessariamente de forma negativa ao conte\u00fado falado, considerando que o formato de jornalismo e alguns programas de talk-show tamb\u00e9m est\u00e3o em alta na audi\u00eancia radiof\u00f4nica.<\/p>\n<p style=\"text-align: justify;\">Acompanhe o resultado completo da enquete, esta que contou com 541 participa\u00e7\u00f5es entre os meses de setembro e dezembro deste ano.<\/p>\n<p style=\"text-align: justify;\"><img fetchpriority=\"high\" decoding=\"async\" class=\"aligncenter wp-image-11499 size-full\" src=\"http:\/\/www.sertsc.org.br\/site\/wp-content\/uploads\/2019\/12\/5de70ce6479f7.png\" alt=\"5de70ce6479f7\" width=\"500\" height=\"396\" \/><\/p>\n<p style=\"text-align: justify;\">Vale ressaltar que a enquete n\u00e3o conta com processo cient\u00edfico de avalia\u00e7\u00e3o, sendo apenas uma forma de saber como foi o comportamento dos visitantes do portal perante o tema proposto.<\/p>\n<p style=\"text-align: justify;\"><strong>A pr\u00f3xima enquete<\/strong><\/p>\n<p style=\"text-align: justify;\">E o\u00a0tudoradio.com\u00a0j\u00e1 lan\u00e7ou uma nova enquete, na tentativa de prever qual formato de r\u00e1dio poder\u00e1 passar por uma maior expans\u00e3o no pr\u00f3ximo ano. Perguntamos: &#8220;Na sua opini\u00e3o, qual formato de r\u00e1dio dever\u00e1 passar por uma maior expans\u00e3o no n\u00famero de r\u00e1dios no mercado brasileiro em 2020?&#8221;. Voc\u00ea pode participar aqui:\u00a0<a href=\"https:\/\/tudoradio.com\/enquetes\">https:\/\/tudoradio.com\/enquetes<\/a>.<\/p>\n<p style=\"text-align: justify;\">Fonte: Tudor\u00e1dio<\/p>\n","protected":false},"excerpt":{"rendered":"<p>Na reta final deste semestre, o\u00a0tudoradio.com\u00a0realizou uma enquete para medir&hellip;<\/p>\n<p> <a class=\"more-link\" href=\"https:\/\/sertsc.org.br\/site\/em-enquete-musica-e-o-conteudo-de-radio-preferido-para-68-dos-participantes\/\">Leia mais<\/a><\/p>\n","protected":false},"author":1,"featured_media":11500,"comment_status":"closed","ping_status":"open","sticky":false,"template":"","format":"standard","meta":{"footnotes":""},"categories":[3],"tags":[],"class_list":{"0":"post-19508","1":"post","2":"type-post","3":"status-publish","4":"format-standard","5":"has-post-thumbnail","7":"category-noticias"},"_links":{"self":[{"href":"https:\/\/sertsc.org.br\/site\/wp-json\/wp\/v2\/posts\/19508","targetHints":{"allow":["GET"]}}],"collection":[{"href":"https:\/\/sertsc.org.br\/site\/wp-json\/wp\/v2\/posts"}],"about":[{"href":"https:\/\/sertsc.org.br\/site\/wp-json\/wp\/v2\/types\/post"}],"author":[{"embeddable":true,"href":"https:\/\/sertsc.org.br\/site\/wp-json\/wp\/v2\/users\/1"}],"replies":[{"embeddable":true,"href":"https:\/\/sertsc.org.br\/site\/wp-json\/wp\/v2\/comments?post=19508"}],"version-history":[{"count":0,"href":"https:\/\/sertsc.org.br\/site\/wp-json\/wp\/v2\/posts\/19508\/revisions"}],"wp:featuredmedia":[{"embeddable":true,"href":"https:\/\/sertsc.org.br\/site\/wp-json\/wp\/v2\/media\/11500"}],"wp:attachment":[{"href":"https:\/\/sertsc.org.br\/site\/wp-json\/wp\/v2\/media?parent=19508"}],"wp:term":[{"taxonomy":"category","embeddable":true,"href":"https:\/\/sertsc.org.br\/site\/wp-json\/wp\/v2\/categories?post=19508"},{"taxonomy":"post_tag","embeddable":true,"href":"https:\/\/sertsc.org.br\/site\/wp-json\/wp\/v2\/tags?post=19508"}],"curies":[{"name":"wp","href":"https:\/\/api.w.org\/{rel}","templated":true}]}}