{"id":19499,"date":"2019-08-22T15:58:08","date_gmt":"2019-08-22T18:58:08","guid":{"rendered":"http:\/\/www.sertsc.org.br\/site\/?p=10821"},"modified":"2019-08-22T15:58:08","modified_gmt":"2019-08-22T18:58:08","slug":"bolsonaro-recebe-representantes-da-midia-regional","status":"publish","type":"post","link":"https:\/\/sertsc.org.br\/site\/bolsonaro-recebe-representantes-da-midia-regional\/","title":{"rendered":"Bolsonaro recebe representantes da m\u00eddia regional"},"content":{"rendered":"<p style=\"text-align: justify;\">Aconteceu na manh\u00e3 desta quinta-feira (22\/8), em Bras\u00edlia, um caf\u00e9 da manh\u00e3 com o presidente da Rep\u00fablica, Jair Bolsonaro, e cinquenta lideran\u00e7as da m\u00eddia do Sul do Brasil.<\/p>\n<p style=\"text-align: justify;\">O encontro foi articulado pela Acaert e teve a presen\u00e7a da presidente do SERT\/SC, Ana Paula Melo. Tamb\u00e9m estiveram presentes o ministro-chefe da Secretaria de Governo da Presid\u00eancia da Rep\u00fablica, general Luiz Eduardo Ramos, o ministro do Gabinete de Seguran\u00e7a Institucional, general Augusto Heleno, e o Secret\u00e1rio Especial de Comunica\u00e7\u00e3o Social, F\u00e1bio Wajngarten.<\/p>\n<p style=\"text-align: justify;\">&#8220;Foi um momento marcante. Ouvimos o presidente falar dos seus planos para o Brasil e sobre como tem sido a sua rela\u00e7\u00e3o com a imprensa. Al\u00e9m disso, pudemos apresentar o trabalho que desenvolvemos em prol das nossas regi\u00f5es e o quanto podemos contribuir para a constru\u00e7\u00e3o de um pa\u00eds melhor&#8221;, disse Ana Paula Melo.<\/p>\n\n<p>&nbsp;<\/p>\n","protected":false},"excerpt":{"rendered":"<p>Aconteceu na manh\u00e3 desta quinta-feira (22\/8), em Bras\u00edlia, um caf\u00e9&hellip;<\/p>\n<p> <a class=\"more-link\" href=\"https:\/\/sertsc.org.br\/site\/bolsonaro-recebe-representantes-da-midia-regional\/\">Leia mais<\/a><\/p>\n","protected":false},"author":1,"featured_media":10814,"comment_status":"closed","ping_status":"open","sticky":false,"template":"","format":"standard","meta":{"footnotes":""},"categories":[33],"tags":[],"class_list":{"0":"post-19499","1":"post","2":"type-post","3":"status-publish","4":"format-standard","5":"has-post-thumbnail","7":"category-destaques"},"_links":{"self":[{"href":"https:\/\/sertsc.org.br\/site\/wp-json\/wp\/v2\/posts\/19499","targetHints":{"allow":["GET"]}}],"collection":[{"href":"https:\/\/sertsc.org.br\/site\/wp-json\/wp\/v2\/posts"}],"about":[{"href":"https:\/\/sertsc.org.br\/site\/wp-json\/wp\/v2\/types\/post"}],"author":[{"embeddable":true,"href":"https:\/\/sertsc.org.br\/site\/wp-json\/wp\/v2\/users\/1"}],"replies":[{"embeddable":true,"href":"https:\/\/sertsc.org.br\/site\/wp-json\/wp\/v2\/comments?post=19499"}],"version-history":[{"count":0,"href":"https:\/\/sertsc.org.br\/site\/wp-json\/wp\/v2\/posts\/19499\/revisions"}],"wp:featuredmedia":[{"embeddable":true,"href":"https:\/\/sertsc.org.br\/site\/wp-json\/"}],"wp:attachment":[{"href":"https:\/\/sertsc.org.br\/site\/wp-json\/wp\/v2\/media?parent=19499"}],"wp:term":[{"taxonomy":"category","embeddable":true,"href":"https:\/\/sertsc.org.br\/site\/wp-json\/wp\/v2\/categories?post=19499"},{"taxonomy":"post_tag","embeddable":true,"href":"https:\/\/sertsc.org.br\/site\/wp-json\/wp\/v2\/tags?post=19499"}],"curies":[{"name":"wp","href":"https:\/\/api.w.org\/{rel}","templated":true}]}}