{"id":19479,"date":"2024-03-21T12:27:22","date_gmt":"2024-03-21T15:27:22","guid":{"rendered":"https:\/\/www.sertsc.org.br\/site\/?p=19479"},"modified":"2024-03-23T12:31:00","modified_gmt":"2024-03-23T15:31:00","slug":"ministerio-das-comunicacoes-divulga-extratos-de-contratos-de-migrantes-am-fm-em-cinco-estados","status":"publish","type":"post","link":"https:\/\/sertsc.org.br\/site\/ministerio-das-comunicacoes-divulga-extratos-de-contratos-de-migrantes-am-fm-em-cinco-estados\/","title":{"rendered":"Minist\u00e9rio das Comunica\u00e7\u00f5es divulga extratos de contratos de migrantes AM-FM em cinco estados"},"content":{"rendered":"<p>O Minist\u00e9rio das Comunica\u00e7\u00f5es divulgou uma lista com v\u00e1rios extratos de contratos de emissoras que est\u00e3o efetivando a migra\u00e7\u00e3o AM-FM. Neste lote, foram beneficiadas 12 emissoras, sendo que 8 est\u00e3o no estado de S\u00e3o Paulo, uma no Paran\u00e1, uma na Bahia, uma em Minas Gerais e outra no Rio Grande do Sul. Entre os destaques, est\u00e3o os extratos de contratos da Classic Pan FM 76.7 de S\u00e3o Paulo, da R\u00e1dio Gua\u00edba AM 720 de Porto Alegre (RS) e o da R\u00e1dio Excelsior AM 840 de Salvador (BA).<\/p>\n<p>A emissora \u00e9 migrante da Classic Pan AM 620 de S\u00e3o Paulo. A emissora controlada pelo Grupo Jovem Pan iniciou suas transmiss\u00f5es em setembro do ano passado. No dial estendido na capital paulista, a 76.7 FM est\u00e1 na classe E3 de opera\u00e7\u00e3o.<\/p>\n<p>Outra emissora do estado de S\u00e3o Paulo que tamb\u00e9m vai operar no dial estendido \u00e9 a R\u00e1dio Novo Tempo AM 830 de Campinas. A esta\u00e7\u00e3o \u00e9 uma classe A1 e vai ocupar a frequ\u00eancia 78.1 FM. Das oito emissoras beneficiadas no interior paulista, apenas a R\u00e1dio Difusora AM 720 de Casa Branca (103.1 FM &#8211; Classe B2) e a R\u00e1dio Clube AM 820 de Ourinhos (101.5 FM &#8211; Classe B2) est\u00e3o no chamado dial convencional.<\/p>\n<p>O Sul do pa\u00eds teve duas emissoras contempladas. Em Londrina (PR), a Difusora AM 690 vai operar em 105.9 FM, com classe B1 de opera\u00e7\u00e3o. J\u00e1 em Porto Alegre (RS), a tradicional R\u00e1dio Gua\u00edba AM 720 tamb\u00e9m teve seu extrato de contrato divulgado. Por\u00e9m, n\u00e3o foi poss\u00edvel identificar a frequ\u00eancia em FM.<\/p>\n<p>Confira abaixo a lista de r\u00e1dios e cidades beneficiadas:<\/p>\n<p>S\u00e3o Paulo<\/p>\n<p>&#8211; S\u00e3o Paulo<br \/>\nClassic Pan AM 720 para FMe 76.7 &#8211; Classe E3<br \/>\n(Esta j\u00e1 migrou e agora operando em definitivo)<\/p>\n<p>&#8211; Campinas<br \/>\nR\u00e1dio Novo Tempo AM 830 para FMe 78.1 &#8211; Classe A1<\/p>\n<p>&#8211; Casa Branca<br \/>\nR\u00e1dio Difusora AM 720 para FM 103.1 &#8211; Classe B2<\/p>\n<p>&#8211; Ourinhos<br \/>\nR\u00e1dio Clube AM 820 para FM 101.5 &#8211; Classe B2<\/p>\n<p>&#8211; Ribeir\u00e3o Preto<br \/>\nR\u00e1dio 79 AM 590 para FMe 80.1 &#8211; Classe E3<\/p>\n<p>&#8211; Santa B\u00e1rbara d Oeste<br \/>\nR\u00e1dio Brasil AM 690 para FMe 81.9 &#8211; Classe B1<br \/>\n(Esta j\u00e1 migrou e agora operando em definitivo)<\/p>\n<p>R\u00e1dio Luzes da Ribalta AM 1360 para FMe 80.7 &#8211; Classe C<\/p>\n<p>&#8211; Taubat\u00e9<br \/>\nR\u00e1dio Cacique AM 1160 para FMe 80.9 &#8211; Classe A3<\/p>\n<p>Minas Gerais<\/p>\n<p>&#8211; Te\u00f3filo Otoni<br \/>\nR\u00e1dio Mucuri AM 1380 para FM 91.7 &#8211; Classe A4<\/p>\n<p>Paran\u00e1<\/p>\n<p>&#8211; Londrina<br \/>\nR\u00e1dio Difusora AM 690 para FM 105.9 &#8211; Classe B1<\/p>\n<p>Bahia<\/p>\n<p>&#8211; Salvador<br \/>\nR\u00e1dio Excelsior AM 840 para FMe 80.1 &#8211; Classe A1<\/p>\n<p>Rio Grande do Sul<\/p>\n<p>&#8211; Porto Alegre<br \/>\nR\u00e1dio Gua\u00edba AM 720 para FMe ## &#8211; Classe ##<\/p>\n<p><img fetchpriority=\"high\" decoding=\"async\" class=\"wp-image-19026 aligncenter\" src=\"https:\/\/www.sertsc.org.br\/site\/wp-content\/uploads\/2023\/04\/Site-3-300x200.png\" alt=\"\" width=\"483\" height=\"322\" \/><\/p>\n<p>Com informa\u00e7\u00f5es do Minist\u00e9rio das Comunica\u00e7\u00f5es, colabora\u00e7\u00e3o de Pedro Santana e Tudo R\u00e1dio<\/p>\n","protected":false},"excerpt":{"rendered":"<p>O Minist\u00e9rio das Comunica\u00e7\u00f5es divulgou uma lista com v\u00e1rios extratos&hellip;<\/p>\n<p> <a class=\"more-link\" href=\"https:\/\/sertsc.org.br\/site\/ministerio-das-comunicacoes-divulga-extratos-de-contratos-de-migrantes-am-fm-em-cinco-estados\/\">Leia mais<\/a><\/p>\n","protected":false},"author":2,"featured_media":12187,"comment_status":"open","ping_status":"open","sticky":false,"template":"","format":"standard","meta":{"footnotes":""},"categories":[33,3],"tags":[],"class_list":{"0":"post-19479","1":"post","2":"type-post","3":"status-publish","4":"format-standard","5":"has-post-thumbnail","7":"category-destaques","8":"category-noticias"},"_links":{"self":[{"href":"https:\/\/sertsc.org.br\/site\/wp-json\/wp\/v2\/posts\/19479","targetHints":{"allow":["GET"]}}],"collection":[{"href":"https:\/\/sertsc.org.br\/site\/wp-json\/wp\/v2\/posts"}],"about":[{"href":"https:\/\/sertsc.org.br\/site\/wp-json\/wp\/v2\/types\/post"}],"author":[{"embeddable":true,"href":"https:\/\/sertsc.org.br\/site\/wp-json\/wp\/v2\/users\/2"}],"replies":[{"embeddable":true,"href":"https:\/\/sertsc.org.br\/site\/wp-json\/wp\/v2\/comments?post=19479"}],"version-history":[{"count":1,"href":"https:\/\/sertsc.org.br\/site\/wp-json\/wp\/v2\/posts\/19479\/revisions"}],"predecessor-version":[{"id":19563,"href":"https:\/\/sertsc.org.br\/site\/wp-json\/wp\/v2\/posts\/19479\/revisions\/19563"}],"wp:featuredmedia":[{"embeddable":true,"href":"https:\/\/sertsc.org.br\/site\/wp-json\/wp\/v2\/media\/12187"}],"wp:attachment":[{"href":"https:\/\/sertsc.org.br\/site\/wp-json\/wp\/v2\/media?parent=19479"}],"wp:term":[{"taxonomy":"category","embeddable":true,"href":"https:\/\/sertsc.org.br\/site\/wp-json\/wp\/v2\/categories?post=19479"},{"taxonomy":"post_tag","embeddable":true,"href":"https:\/\/sertsc.org.br\/site\/wp-json\/wp\/v2\/tags?post=19479"}],"curies":[{"name":"wp","href":"https:\/\/api.w.org\/{rel}","templated":true}]}}