{"id":19471,"date":"2024-03-18T10:21:21","date_gmt":"2024-03-18T13:21:21","guid":{"rendered":"https:\/\/www.sertsc.org.br\/site\/?p=19471"},"modified":"2024-03-23T12:52:39","modified_gmt":"2024-03-23T15:52:39","slug":"registrada-cct-2024-abrangencia-sc-com-excecao-da-regiao-norte-nordeste","status":"publish","type":"post","link":"https:\/\/sertsc.org.br\/site\/registrada-cct-2024-abrangencia-sc-com-excecao-da-regiao-norte-nordeste\/","title":{"rendered":"Registrada CCT 2024, abrang\u00eancia SC com exce\u00e7\u00e3o da regi\u00e3o Norte\/Nordeste"},"content":{"rendered":"<p>Registrada a Conven\u00e7\u00e3o Coletiva de Trabalho 2024<\/p>\n<p>O SERT\/SC comunica que a Conven\u00e7\u00e3o Coletiva de Trabalho 2024 (CCT 2023), conclu\u00edda ap\u00f3s negocia\u00e7\u00e3o com o Sindicato dos Radialistas Profissionais e dos Trabalhadores em Empresas de Santa Catarina \u2013 SINDIR\u00c1DIO\/SC, foi registrada junto \u00e0 Se\u00e7\u00e3o de Rela\u00e7\u00f5es de Trabalho da Superintend\u00eancia Regional do Trabalho e Emprego\/SC.<\/p>\n<p>Importante destacar que os empregados das Emissoras de R\u00e1dio e Televis\u00e3o do Estado de Santa Catarina, com abrang\u00eancia territorial em Itai\u00f3polis\/SC, Jaragu\u00e1 do Sul\/SC, Joinville\/SC, Mafra\/SC, Major Vieira\/SC, Porto Uni\u00e3o\/SC, Rio Negrinho\/SC, S\u00e3o Bento do Sul\/SC e S\u00e3o Francisco do Sul\/SC s\u00e3o vinculados ao Sindicato dos Radialistas Profissionais e Empregados em Empresas de Radiodifus\u00e3o e Televis\u00e3o da Regi\u00e3o Norte\/Nordeste do Estado de Santa Catarina. O SERT\/SC inicia rodada de negocia\u00e7\u00f5es com o Sindicato dos Radialistas Norte\/Nordeste de SC nos pr\u00f3ximos dias.<\/p>\n<p>Segue a CCT 2024 negociada com Sindiradio SC.<\/p>\n<p><a href=\"http:\/\/www3.mte.gov.br\/sistemas\/mediador\/AcompanharSolicitacao\/acompanhaSolicitacaoResumo?txtAcompanharSolicitacaoNrSolicitacao=MR012534\/2024&amp;txtAcompanharSolicitacaoCNPJ=75.304.725\/0001-72&amp;txtAcompanharSolicitacaoCEI=\">http:\/\/www3.mte.gov.br\/sistemas\/mediador\/AcompanharSolicitacao\/acompanhaSolicitacaoResumo?txtAcompanharSolicitacaoNrSolicitacao=MR012534\/2024&amp;txtAcompanharSolicitacaoCNPJ=75.304.725\/0001-72&amp;txtAcompanharSolicitacaoCEI=<\/a><\/p>\n","protected":false},"excerpt":{"rendered":"<p>Registrada a Conven\u00e7\u00e3o Coletiva de Trabalho 2024 O SERT\/SC comunica&hellip;<\/p>\n<p> <a class=\"more-link\" href=\"https:\/\/sertsc.org.br\/site\/registrada-cct-2024-abrangencia-sc-com-excecao-da-regiao-norte-nordeste\/\">Leia mais<\/a><\/p>\n","protected":false},"author":2,"featured_media":12187,"comment_status":"open","ping_status":"open","sticky":false,"template":"","format":"standard","meta":{"footnotes":""},"categories":[5,33,3],"tags":[],"class_list":{"0":"post-19471","1":"post","2":"type-post","3":"status-publish","4":"format-standard","5":"has-post-thumbnail","7":"category-convencao","8":"category-destaques","9":"category-noticias"},"_links":{"self":[{"href":"https:\/\/sertsc.org.br\/site\/wp-json\/wp\/v2\/posts\/19471","targetHints":{"allow":["GET"]}}],"collection":[{"href":"https:\/\/sertsc.org.br\/site\/wp-json\/wp\/v2\/posts"}],"about":[{"href":"https:\/\/sertsc.org.br\/site\/wp-json\/wp\/v2\/types\/post"}],"author":[{"embeddable":true,"href":"https:\/\/sertsc.org.br\/site\/wp-json\/wp\/v2\/users\/2"}],"replies":[{"embeddable":true,"href":"https:\/\/sertsc.org.br\/site\/wp-json\/wp\/v2\/comments?post=19471"}],"version-history":[{"count":1,"href":"https:\/\/sertsc.org.br\/site\/wp-json\/wp\/v2\/posts\/19471\/revisions"}],"predecessor-version":[{"id":19565,"href":"https:\/\/sertsc.org.br\/site\/wp-json\/wp\/v2\/posts\/19471\/revisions\/19565"}],"wp:featuredmedia":[{"embeddable":true,"href":"https:\/\/sertsc.org.br\/site\/wp-json\/wp\/v2\/media\/12187"}],"wp:attachment":[{"href":"https:\/\/sertsc.org.br\/site\/wp-json\/wp\/v2\/media?parent=19471"}],"wp:term":[{"taxonomy":"category","embeddable":true,"href":"https:\/\/sertsc.org.br\/site\/wp-json\/wp\/v2\/categories?post=19471"},{"taxonomy":"post_tag","embeddable":true,"href":"https:\/\/sertsc.org.br\/site\/wp-json\/wp\/v2\/tags?post=19471"}],"curies":[{"name":"wp","href":"https:\/\/api.w.org\/{rel}","templated":true}]}}