{"id":19396,"date":"2024-01-31T10:42:15","date_gmt":"2024-01-31T13:42:15","guid":{"rendered":"https:\/\/www.sertsc.org.br\/site\/?p=19396"},"modified":"2024-01-31T10:42:15","modified_gmt":"2024-01-31T13:42:15","slug":"acaert-lanca-campanha-campanha-pense-radio-pense-tv","status":"publish","type":"post","link":"https:\/\/sertsc.org.br\/site\/acaert-lanca-campanha-campanha-pense-radio-pense-tv\/","title":{"rendered":"ACAERT lan\u00e7a campanha campanha &#8220;Pense R\u00e1dio, Pense TV&#8221;"},"content":{"rendered":"<p>A ACAERT (Associa\u00e7\u00e3o Catarinense de Emissoras de R\u00e1dio e Televis\u00e3o) lan\u00e7ou a campanha &#8220;Pense R\u00e1dio, Pense TV&#8221;. O objetivo \u00e9 o de destacar a import\u00e2ncia de profissionais de diversas \u00e1reas em atuar nas emissoras associadas \u00e0 entidade. O material inclui pe\u00e7as em formato de v\u00eddeo, spots e videocast\/podcast que estar\u00e3o a disposi\u00e7\u00e3o para serem veiculados.<\/p>\n<p>Surgindo como um desdobramento da campanha &#8220;Pense Grande&#8221;, lan\u00e7ada em 2019, o &#8220;Pense R\u00e1dio, Pense TV&#8221; surge com o prop\u00f3sito de atrair o interesse dos mais jovens ou daqueles que desejam mudar de \u00e1rea, mostrando aspectos positivos de se trabalhar em r\u00e1dio e televis\u00e3o. A campanha tamb\u00e9m visa a valoriza\u00e7\u00e3o da atua\u00e7\u00e3o das emissoras prol a sociedade.<\/p>\n<p>&#8220;A campanha foi criada a partir das demandas de vagas nas emissoras associadas. A ideia \u00e9 mostrar que se uma pessoa est\u00e1 querendo trabalhar num ambiente que re\u00fane raz\u00e3o e emo\u00e7\u00e3o, com pessoas conectadas e criar conte\u00fados relevantes, ela at\u00e9 pode n\u00e3o saber, mas est\u00e1 querendo trabalhar no r\u00e1dio e na televis\u00e3o&#8221;, disse o presidente da ACAERT, F\u00e1bio Bigolin.<\/p>\n<p>A campanha &#8220;Pense R\u00e1dio, Pense TV&#8221; tem pe\u00e7as criadas prla ag\u00eancia Neovox, de Florian\u00f3polis (SC). Os materiais s\u00e3o disponibilizados nos formatos de v\u00eddeo, \u00e1udio, publica\u00e7\u00f5es para redes sociais, al\u00e9m de landing page com todos os materiais da campanha, videocasts e postcasts.<\/p>\n<p><img fetchpriority=\"high\" decoding=\"async\" class=\"wp-image-19397 aligncenter\" src=\"https:\/\/www.sertsc.org.br\/site\/wp-content\/uploads\/2024\/01\/65b8cff4ee82d-300x188.jpg\" alt=\"\" width=\"471\" height=\"295\" \/><\/p>\n<p style=\"text-align: center;\">Campanha da ACAERT, &#8220;Pense R\u00e1dio, Pense TV&#8221; \/ Reprodu\u00e7\u00e3o: ACAERT<\/p>\n<p>&nbsp;<\/p>\n<p>Com informa\u00e7\u00f5es da ACAERT e Tudo R\u00e1dio.<\/p>\n<p>&nbsp;<\/p>\n","protected":false},"excerpt":{"rendered":"<p>A ACAERT (Associa\u00e7\u00e3o Catarinense de Emissoras de R\u00e1dio e Televis\u00e3o)&hellip;<\/p>\n<p> <a class=\"more-link\" href=\"https:\/\/sertsc.org.br\/site\/acaert-lanca-campanha-campanha-pense-radio-pense-tv\/\">Leia mais<\/a><\/p>\n","protected":false},"author":2,"featured_media":19397,"comment_status":"open","ping_status":"open","sticky":false,"template":"","format":"standard","meta":{"footnotes":""},"categories":[33,3],"tags":[],"class_list":{"0":"post-19396","1":"post","2":"type-post","3":"status-publish","4":"format-standard","5":"has-post-thumbnail","7":"category-destaques","8":"category-noticias"},"_links":{"self":[{"href":"https:\/\/sertsc.org.br\/site\/wp-json\/wp\/v2\/posts\/19396","targetHints":{"allow":["GET"]}}],"collection":[{"href":"https:\/\/sertsc.org.br\/site\/wp-json\/wp\/v2\/posts"}],"about":[{"href":"https:\/\/sertsc.org.br\/site\/wp-json\/wp\/v2\/types\/post"}],"author":[{"embeddable":true,"href":"https:\/\/sertsc.org.br\/site\/wp-json\/wp\/v2\/users\/2"}],"replies":[{"embeddable":true,"href":"https:\/\/sertsc.org.br\/site\/wp-json\/wp\/v2\/comments?post=19396"}],"version-history":[{"count":0,"href":"https:\/\/sertsc.org.br\/site\/wp-json\/wp\/v2\/posts\/19396\/revisions"}],"wp:featuredmedia":[{"embeddable":true,"href":"https:\/\/sertsc.org.br\/site\/wp-json\/"}],"wp:attachment":[{"href":"https:\/\/sertsc.org.br\/site\/wp-json\/wp\/v2\/media?parent=19396"}],"wp:term":[{"taxonomy":"category","embeddable":true,"href":"https:\/\/sertsc.org.br\/site\/wp-json\/wp\/v2\/categories?post=19396"},{"taxonomy":"post_tag","embeddable":true,"href":"https:\/\/sertsc.org.br\/site\/wp-json\/wp\/v2\/tags?post=19396"}],"curies":[{"name":"wp","href":"https:\/\/api.w.org\/{rel}","templated":true}]}}