{"id":19376,"date":"2024-01-16T15:25:31","date_gmt":"2024-01-16T18:25:31","guid":{"rendered":"https:\/\/www.sertsc.org.br\/site\/?p=19376"},"modified":"2024-01-16T15:25:31","modified_gmt":"2024-01-16T18:25:31","slug":"aberta-a-assembleia-geral-extraordinaria-sert-sc-2","status":"publish","type":"post","link":"https:\/\/sertsc.org.br\/site\/aberta-a-assembleia-geral-extraordinaria-sert-sc-2\/","title":{"rendered":"Aberta a Assembleia Geral Extraordin\u00e1ria SERT\/SC"},"content":{"rendered":"<p>Nesta ter\u00e7a-feira, dia 16 de janeiro, foi aberta a ASSEMBLEIA GERAL EXTRAORDIN\u00c1RIA do SERT\/SC. A reuni\u00e3o aconteceu presencialmente na sede do Sindicato das Empresas de R\u00e1dio e Televis\u00e3o de Santa Catarina e tamb\u00e9m de forma online pelo Google Meet. Os radiodifusores participaram ativamente da resolu\u00e7\u00e3o das diretrizes iniciais.<\/p>\n<p>Na pauta a forma\u00e7\u00e3o da comiss\u00e3o para negocia\u00e7\u00e3o da Conven\u00e7\u00e3o Coletiva de Trabalho de 2024. O presidente do SERT\/SC, Humberto Ohf de Andrade, abriu a assembleia e explanou sobre o papel de cada um para a constru\u00e7\u00e3o de um setor de radiodifus\u00e3o forte e atuante no desenvolvimento econ\u00f4mico e social do estado catarinense.<\/p>\n<p>A assembleia permanece aberta at\u00e9 a conclus\u00e3o com o fechamento da CCT.<\/p>\n","protected":false},"excerpt":{"rendered":"<p>Nesta ter\u00e7a-feira, dia 16 de janeiro, foi aberta a ASSEMBLEIA&hellip;<\/p>\n<p> <a class=\"more-link\" href=\"https:\/\/sertsc.org.br\/site\/aberta-a-assembleia-geral-extraordinaria-sert-sc-2\/\">Leia mais<\/a><\/p>\n","protected":false},"author":2,"featured_media":19377,"comment_status":"open","ping_status":"open","sticky":false,"template":"","format":"standard","meta":{"footnotes":""},"categories":[33,3],"tags":[],"class_list":{"0":"post-19376","1":"post","2":"type-post","3":"status-publish","4":"format-standard","5":"has-post-thumbnail","7":"category-destaques","8":"category-noticias"},"_links":{"self":[{"href":"https:\/\/sertsc.org.br\/site\/wp-json\/wp\/v2\/posts\/19376","targetHints":{"allow":["GET"]}}],"collection":[{"href":"https:\/\/sertsc.org.br\/site\/wp-json\/wp\/v2\/posts"}],"about":[{"href":"https:\/\/sertsc.org.br\/site\/wp-json\/wp\/v2\/types\/post"}],"author":[{"embeddable":true,"href":"https:\/\/sertsc.org.br\/site\/wp-json\/wp\/v2\/users\/2"}],"replies":[{"embeddable":true,"href":"https:\/\/sertsc.org.br\/site\/wp-json\/wp\/v2\/comments?post=19376"}],"version-history":[{"count":0,"href":"https:\/\/sertsc.org.br\/site\/wp-json\/wp\/v2\/posts\/19376\/revisions"}],"wp:featuredmedia":[{"embeddable":true,"href":"https:\/\/sertsc.org.br\/site\/wp-json\/"}],"wp:attachment":[{"href":"https:\/\/sertsc.org.br\/site\/wp-json\/wp\/v2\/media?parent=19376"}],"wp:term":[{"taxonomy":"category","embeddable":true,"href":"https:\/\/sertsc.org.br\/site\/wp-json\/wp\/v2\/categories?post=19376"},{"taxonomy":"post_tag","embeddable":true,"href":"https:\/\/sertsc.org.br\/site\/wp-json\/wp\/v2\/tags?post=19376"}],"curies":[{"name":"wp","href":"https:\/\/api.w.org\/{rel}","templated":true}]}}