{"id":19372,"date":"2024-01-11T13:34:14","date_gmt":"2024-01-11T16:34:14","guid":{"rendered":"https:\/\/www.sertsc.org.br\/site\/?p=19372"},"modified":"2024-01-11T13:34:14","modified_gmt":"2024-01-11T16:34:14","slug":"acaert-next-19o-congresso-catarinense-de-radio-e-televisao-e-confirmado-para-maio","status":"publish","type":"post","link":"https:\/\/sertsc.org.br\/site\/acaert-next-19o-congresso-catarinense-de-radio-e-televisao-e-confirmado-para-maio\/","title":{"rendered":"ACAERT Next, 19\u00ba Congresso Catarinense de R\u00e1dio e Televis\u00e3o, \u00e9 confirmado para maio"},"content":{"rendered":"<p>A ACAERT (Associa\u00e7\u00e3o Catarinense de Emissoras de R\u00e1dio e Televis\u00e3o) vai promover nos dias 19 e 20 de maio o &#8220;ACAERT Next&#8221; 19\u00ba Congresso Catarinense de R\u00e1dio e Televis\u00e3o. O evento, que \u00e9 considerado o mais importante da radiodifus\u00e3o catarinense, vai reunir palestras, debates e apresenta\u00e7\u00e3o dos temas relevantes que envolvem o setor. Na ocasi\u00e3o, ser\u00e1 realizada a cerim\u00f4nia de entrega do Pr\u00eamio ACAERT &#8211; Microfone de Ouro, este que se encontra com inscri\u00e7\u00f5es abertas.<\/p>\n<p>Realizado no CentroSul, em Florian\u00f3polis, o &#8220;ACAERT Next&#8221; contar\u00e1 com um ambiente ideal para a troca de experi\u00eancias, aprendizado, parcerias e novos neg\u00f3cios. Neste ano \u00e9 aguardado um p\u00fablico de 1.500 pessoas durante os dois dias do evento.<\/p>\n<p>&#8220;A programa\u00e7\u00e3o est\u00e1 bem evolu\u00edda e abordar\u00e1 temas com uma forte rela\u00e7\u00e3o com o slogan do evento, que \u00e9 o &#8216;R\u00e1dio e a TV em transforma\u00e7\u00e3o&#8217;. O objetivo \u00e9 trazer radiodifusores de todo o estado e fora dele, al\u00e9m de boa parte das equipes das emissoras\u201d, disse o presidente do &#8220;ACAERT Next&#8221;, Humberto Ohf de Andrade.<\/p>\n<p>Junto ao congresso, o p\u00fablico presente poder\u00e1 visitar a Feira de Produtos e Servi\u00e7os da Radiodifus\u00e3o. O espa\u00e7o contar\u00e1 com as novidades de equipamentos e servi\u00e7os que envolvem o setor da radiodifus\u00e3o.<\/p>\n<p>&#8220;Estamos escolhendo palestrantes renomados que possam contribuir para a reflex\u00e3o dos nossos neg\u00f3cios. Pensar e identificar as oportunidades das pr\u00f3ximas inova\u00e7\u00f5es ligadas ao setor&#8221;, disse o presidente da ACAERT, F\u00e1bio Bigolin.<\/p>\n<p>Inscri\u00e7\u00f5es para a 12\u00aa edi\u00e7\u00e3o do Pr\u00eamio ACAERT &#8211; Microfone de Ouro seguem abertas<\/p>\n<p>A ACAERT (Associa\u00e7\u00e3o Catarinense de Emissoras de R\u00e1dio e Televis\u00e3o) est\u00e1 com a 12\u00aa edi\u00e7\u00e3o do &#8220;Pr\u00eamio ACAERT &#8211; Microfone de Ouro&#8221;. A premia\u00e7\u00e3o destaca trabalhos de profissionais de r\u00e1dio, televis\u00e3o, ag\u00eancias de propaganda e acad\u00eamicos de comunica\u00e7\u00e3o de Santa Catarina. As inscri\u00e7\u00f5es j\u00e1 est\u00e3o abertas e podem ser feitas at\u00e9 o dia 23 de fevereiro.<\/p>\n<p>O pr\u00eamio contempla premia\u00e7\u00f5es em quatro categorias, sendo Profissionais de R\u00e1dio, Profissionais de TV, Profissionais de Ag\u00eancias de Propaganda e Acad\u00eamicos em Comunica\u00e7\u00e3o. As inscri\u00e7\u00f5es s\u00e3o gratuitas e podem ser feitas atrav\u00e9s do portal dedicado \u00e0 premia\u00e7\u00e3o. Na p\u00e1gina tamb\u00e9m \u00e9 poss\u00edvel que o internauta acompanhe informa\u00e7\u00f5es complementares da premia\u00e7\u00e3o, incluindo o regulamento.<\/p>\n<p><img fetchpriority=\"high\" decoding=\"async\" class=\"wp-image-18959 aligncenter\" src=\"https:\/\/www.sertsc.org.br\/site\/wp-content\/uploads\/2023\/03\/Site-3-300x200.png\" alt=\"\" width=\"479\" height=\"319\" \/><\/p>\n<p>Com informa\u00e7\u00f5es da Tudo R\u00e1dio e ACAERT.<\/p>\n","protected":false},"excerpt":{"rendered":"<p>A ACAERT (Associa\u00e7\u00e3o Catarinense de Emissoras de R\u00e1dio e Televis\u00e3o)&hellip;<\/p>\n<p> <a class=\"more-link\" href=\"https:\/\/sertsc.org.br\/site\/acaert-next-19o-congresso-catarinense-de-radio-e-televisao-e-confirmado-para-maio\/\">Leia mais<\/a><\/p>\n","protected":false},"author":2,"featured_media":19003,"comment_status":"open","ping_status":"open","sticky":false,"template":"","format":"standard","meta":{"footnotes":""},"categories":[33,3],"tags":[],"class_list":{"0":"post-19372","1":"post","2":"type-post","3":"status-publish","4":"format-standard","5":"has-post-thumbnail","7":"category-destaques","8":"category-noticias"},"_links":{"self":[{"href":"https:\/\/sertsc.org.br\/site\/wp-json\/wp\/v2\/posts\/19372","targetHints":{"allow":["GET"]}}],"collection":[{"href":"https:\/\/sertsc.org.br\/site\/wp-json\/wp\/v2\/posts"}],"about":[{"href":"https:\/\/sertsc.org.br\/site\/wp-json\/wp\/v2\/types\/post"}],"author":[{"embeddable":true,"href":"https:\/\/sertsc.org.br\/site\/wp-json\/wp\/v2\/users\/2"}],"replies":[{"embeddable":true,"href":"https:\/\/sertsc.org.br\/site\/wp-json\/wp\/v2\/comments?post=19372"}],"version-history":[{"count":0,"href":"https:\/\/sertsc.org.br\/site\/wp-json\/wp\/v2\/posts\/19372\/revisions"}],"wp:featuredmedia":[{"embeddable":true,"href":"https:\/\/sertsc.org.br\/site\/wp-json\/"}],"wp:attachment":[{"href":"https:\/\/sertsc.org.br\/site\/wp-json\/wp\/v2\/media?parent=19372"}],"wp:term":[{"taxonomy":"category","embeddable":true,"href":"https:\/\/sertsc.org.br\/site\/wp-json\/wp\/v2\/categories?post=19372"},{"taxonomy":"post_tag","embeddable":true,"href":"https:\/\/sertsc.org.br\/site\/wp-json\/wp\/v2\/tags?post=19372"}],"curies":[{"name":"wp","href":"https:\/\/api.w.org\/{rel}","templated":true}]}}