{"id":19369,"date":"2024-01-09T13:58:14","date_gmt":"2024-01-09T16:58:14","guid":{"rendered":"https:\/\/www.sertsc.org.br\/site\/?p=19369"},"modified":"2024-01-09T13:58:14","modified_gmt":"2024-01-09T16:58:14","slug":"em-2023-acoes-humanitarias-restabeleceram-comunicacao-em-diversas-regioes-afetadas-por-desastres-naturais","status":"publish","type":"post","link":"https:\/\/sertsc.org.br\/site\/em-2023-acoes-humanitarias-restabeleceram-comunicacao-em-diversas-regioes-afetadas-por-desastres-naturais\/","title":{"rendered":"Em 2023, a\u00e7\u00f5es humanit\u00e1rias restabeleceram comunica\u00e7\u00e3o em diversas regi\u00f5es afetadas por desastres naturais"},"content":{"rendered":"<p>O ano de 2023 foi marcado, entre outros assuntos, pelos desastres naturais, como as fortes chuvas e os alagamentos que causaram diversos transtornos e perdas para a popula\u00e7\u00e3o de diferentes regi\u00f5es do pa\u00eds. O Minist\u00e9rio das Comunica\u00e7\u00f5es (MCom) atuou para minimizar os impactos dos fen\u00f4menos, como o ciclone extratropical que atingiu o Rio Grande do Sul que deixou mortos, desabrigados e desalojados. Os munic\u00edpios ga\u00fachos de Encantado, Roca Sales, Mu\u00e7um, Santa Tereza, Lajeado e Arroio do Meio receberam antenas de conex\u00e3o banda larga via sat\u00e9lite para restabelecer a comunica\u00e7\u00e3o na regi\u00e3o.<\/p>\n<p>Os terminais satelitais transport\u00e1veis enviados ao Sul partiram de Bras\u00edlia (DF) na madrugada de 7 de setembro, e foram transportados em aeronaves da For\u00e7a A\u00e9rea Brasileira (FAB). Cada antena devolveu o acesso \u00e0 internet na velocidade de 40Mbps de download e 4Mbps de upload. O sinal de telefonia m\u00f3vel precisou ser totalmente recuperado em 19 munic\u00edpios.<\/p>\n<p>No litoral paulista, o MCom e a Telebras participaram de uma for\u00e7a-tarefa para ajudar a popula\u00e7\u00e3o afetada pelas fortes chuvas na regi\u00e3o de S\u00e3o Sebasti\u00e3o (SP) no in\u00edcio de 2023. Cerca de 10 antenas port\u00e1teis foram disponibilizadas para aux\u00edlio de comunica\u00e7\u00e3o via sat\u00e9lite na localidade, al\u00e9m de dois engenheiros para suporte e treinamento. Cada equipamento com capacidade de garantir 20 Mbps de conex\u00e3o.<\/p>\n<p>Segundo o ministro Juscelino Filho, as a\u00e7\u00f5es foram importantes para estabelecer uma rede de apoio, com condi\u00e7\u00f5es para reerguer os servi\u00e7os nessas localidades. \u201cA prioridade era salvar vidas, garantir condi\u00e7\u00f5es para que essas pessoas pudessem se estabilizar novamente, se recuperar e ter o m\u00ednimo de dignidade, e sabemos como a conectividade, a chance e a possibilidade de comunicar \u00e9 importante nesse momento\u201d, avaliou Juscelino.<\/p>\n<p>Terras Yanomami<\/p>\n<p>A maioria das a\u00e7\u00f5es teve o apoio da Telebras. Um desses esfor\u00e7os foi voltado para o Territ\u00f3rio Ind\u00edgena Yanomami, em Roraima. A empresa, em parceria com o MCom, instalou antenas fixas de conex\u00e3o banda larga via sat\u00e9lite em tr\u00eas polos-base. Os equipamentos foram para as sedes de Surucucu, Auaris e da Miss\u00e3o Catrimani, e se somaram \u00e0s outras 17 antenas port\u00e1teis enviadas para apoiar o atendimento m\u00e9dico \u00e0 popula\u00e7\u00e3o e fortalecer as a\u00e7\u00f5es de enfrentamento \u00e0 situa\u00e7\u00e3o de emerg\u00eancia em sa\u00fade p\u00fablica que assolou a comunidade ind\u00edgena em 2023.<\/p>\n<p>&#8220;Temos o compromisso de garantir o m\u00e1ximo de agilidade nas a\u00e7\u00f5es em prol da popula\u00e7\u00e3o e pensar a comunica\u00e7\u00e3o \u00e9 fundamental. Estaremos sempre prontos para levar o acesso \u00e0 internet a quem est\u00e1 em condi\u00e7\u00f5es de risco ou de vulnerabilidade. Sabemos das dificuldades existentes, mas sempre as superamos, colocando em pr\u00e1tica o conhecimento t\u00e9cnico e nossa experi\u00eancia\u201d, enfatizou o presidente da Telebras, Frederico de Siqueira Filho.<\/p>\n<p>A empresa ainda instalou duas antenas transport\u00e1veis no QG do Comando do Ex\u00e9rcito em Encantado (RS), para aux\u00edlio no atendimento \u00e0s \u00e1reas atingidas pelas chuvas no Vale do Taquari.<\/p>\n<p>Apoio ao Maranh\u00e3o<\/p>\n<p>Em abril, a popula\u00e7\u00e3o do Maranh\u00e3o sofreu com fortes chuvas no estado. O MCom e os Correios realizaram uma a\u00e7\u00e3o solid\u00e1ria para ajudar as v\u00edtimas das chuvas. Ag\u00eancias de todo o estado receberam doa\u00e7\u00f5es e encaminharam para as fam\u00edlias atingidas pelos temporais. Foram doadas roupas, utens\u00edlios de casa, material escolar e de escrit\u00f3rio.<\/p>\n<p>O ministro Juscelino acompanhou as a\u00e7\u00f5es e visitou as cidades atingidas. O MCom levou antenas port\u00e1teis de conex\u00e3o \u00e0 internet via sat\u00e9lite. Os aparelhos proporcionaram conectividade Wi-Fi e comunica\u00e7\u00e3o para as fam\u00edlias que estavam nos abrigos.<\/p>\n<p><img fetchpriority=\"high\" decoding=\"async\" class=\"wp-image-18836 aligncenter\" src=\"https:\/\/www.sertsc.org.br\/site\/wp-content\/uploads\/2023\/01\/Site-1-6-300x200.png\" alt=\"\" width=\"513\" height=\"342\" \/><\/p>\n<p>Fonte: MCom.<\/p>\n","protected":false},"excerpt":{"rendered":"<p>O ano de 2023 foi marcado, entre outros assuntos, pelos&hellip;<\/p>\n<p> <a class=\"more-link\" href=\"https:\/\/sertsc.org.br\/site\/em-2023-acoes-humanitarias-restabeleceram-comunicacao-em-diversas-regioes-afetadas-por-desastres-naturais\/\">Leia mais<\/a><\/p>\n","protected":false},"author":2,"featured_media":18836,"comment_status":"open","ping_status":"open","sticky":false,"template":"","format":"standard","meta":{"footnotes":""},"categories":[33,3],"tags":[],"class_list":{"0":"post-19369","1":"post","2":"type-post","3":"status-publish","4":"format-standard","5":"has-post-thumbnail","7":"category-destaques","8":"category-noticias"},"_links":{"self":[{"href":"https:\/\/sertsc.org.br\/site\/wp-json\/wp\/v2\/posts\/19369","targetHints":{"allow":["GET"]}}],"collection":[{"href":"https:\/\/sertsc.org.br\/site\/wp-json\/wp\/v2\/posts"}],"about":[{"href":"https:\/\/sertsc.org.br\/site\/wp-json\/wp\/v2\/types\/post"}],"author":[{"embeddable":true,"href":"https:\/\/sertsc.org.br\/site\/wp-json\/wp\/v2\/users\/2"}],"replies":[{"embeddable":true,"href":"https:\/\/sertsc.org.br\/site\/wp-json\/wp\/v2\/comments?post=19369"}],"version-history":[{"count":0,"href":"https:\/\/sertsc.org.br\/site\/wp-json\/wp\/v2\/posts\/19369\/revisions"}],"wp:featuredmedia":[{"embeddable":true,"href":"https:\/\/sertsc.org.br\/site\/wp-json\/"}],"wp:attachment":[{"href":"https:\/\/sertsc.org.br\/site\/wp-json\/wp\/v2\/media?parent=19369"}],"wp:term":[{"taxonomy":"category","embeddable":true,"href":"https:\/\/sertsc.org.br\/site\/wp-json\/wp\/v2\/categories?post=19369"},{"taxonomy":"post_tag","embeddable":true,"href":"https:\/\/sertsc.org.br\/site\/wp-json\/wp\/v2\/tags?post=19369"}],"curies":[{"name":"wp","href":"https:\/\/api.w.org\/{rel}","templated":true}]}}