{"id":19331,"date":"2023-11-24T16:31:59","date_gmt":"2023-11-24T19:31:59","guid":{"rendered":"https:\/\/www.sertsc.org.br\/site\/?p=19331"},"modified":"2023-11-24T16:31:59","modified_gmt":"2023-11-24T19:31:59","slug":"inclusao-digital-e-destaque-na-conferencia-mundial-de-radiocomunicacoes-wrc-23","status":"publish","type":"post","link":"https:\/\/sertsc.org.br\/site\/inclusao-digital-e-destaque-na-conferencia-mundial-de-radiocomunicacoes-wrc-23\/","title":{"rendered":"Inclus\u00e3o digital \u00e9 destaque na Confer\u00eancia Mundial de Radiocomunica\u00e7\u00f5es (WRC-23)"},"content":{"rendered":"<p>No segundo dia (21\/11) da Confer\u00eancia Mundial de Radiocomunica\u00e7\u00f5es (WRC-23), em Dubai, nos Emirados \u00c1rabes Unidos, o Minist\u00e9rio das Comunica\u00e7\u00f5es (MCom) participou de uma intensa agenda de debates com representantes de outros pa\u00edses. Foram discutidos temas como novas faixas de frequ\u00eancia para a telefonia m\u00f3vel, a expans\u00e3o do 5G, solu\u00e7\u00f5es satelitais para inclus\u00e3o digital, dentre outros.<\/p>\n<p>\u201cEstamos participando de v\u00e1rias conversas importantes nesta Confer\u00eancia. Nosso objetivo \u00e9 buscar sempre as melhores solu\u00e7\u00f5es para avan\u00e7ar com a inclus\u00e3o digital no Brasil e, assim, cumprir a miss\u00e3o que o presidente Lula nos deu de conectar todos os cidad\u00e3os do nosso pa\u00eds\u201d, destacou o ministro das Comunica\u00e7\u00f5es, Juscelino Filho.<\/p>\n<p>Pela manh\u00e3, o encontro foi com o chefe da delega\u00e7\u00e3o dos Estados Unidos e embaixador para Pol\u00edtica Digital e Assuntos Cibern\u00e9ticos do Departamento de Estado, Nathaniel Fick. A identifica\u00e7\u00e3o de novas faixas de frequ\u00eancia para a telefonia m\u00f3vel, a sustentabilidade espacial e o uso racional e equitativo entre as diferentes \u00f3rbitas foram temas abordados na reuni\u00e3o. Em seguida, Juscelino Filho se encontrou com a ministra das Comunica\u00e7\u00f5es da Costa Rica, Paula Bogantes, para apresentar o modelo brasileiro do Leil\u00e3o do 5G. A Costa Rica est\u00e1 em fase de elabora\u00e7\u00e3o das regras para licita\u00e7\u00e3o de espectro destinado ao 5G e solicitou apoio do Brasil para a constru\u00e7\u00e3o de um leil\u00e3o exitoso.<\/p>\n<p>A expans\u00e3o do 5G foi um dos assuntos discutidos com o diretor-geral do Departamento de Mercado de Telecomunica\u00e7\u00f5es do Minist\u00e9rio do Desenvolvimento Digital, Comunica\u00e7\u00f5es e M\u00eddia de Massa da Federa\u00e7\u00e3o Russa, Dmitrii Tur. A delega\u00e7\u00e3o russa elogiou a participa\u00e7\u00e3o de alto n\u00edvel t\u00e9cnico do Brasil e solicitou a realiza\u00e7\u00e3o de reuni\u00f5es de coordena\u00e7\u00e3o semanais ao longo da Confer\u00eancia.<\/p>\n<p>Com o setor privado, Juscelino Filho se encontrou com representantes das empresas Viasat e Intelsat, refor\u00e7ando a import\u00e2ncia estrat\u00e9gica que o setor de sat\u00e9lites vem conquistando ao longo das d\u00e9cadas. O ministro destacou o importante papel dos sat\u00e9lites em momentos de desastres naturais, lembrando as cidades do Rio Grande do Sul que sofreram com as fortes chuvas em setembro.<\/p>\n<p>SOBRE A CONFER\u00caNCIA MUNDIAL DE RADIOCOMUNICA\u00c7\u00d5ES<\/p>\n<p>A Confer\u00eancia Mundial de Radiocomunica\u00e7\u00f5es \u00e9 organizada pela Uni\u00e3o Internacional de Telecomunica\u00e7\u00f5es, ag\u00eancia especializada da Organiza\u00e7\u00e3o das Na\u00e7\u00f5es Unidas (ONU) para tecnologias de informa\u00e7\u00e3o e comunica\u00e7\u00e3o (TIC). Essas reuni\u00f5es s\u00e3o realizadas a cada tr\u00eas ou quatro anos para analisar e, se necess\u00e1rio, revisar o Regulamento de Radiocomunica\u00e7\u00f5es, tratado internacional que rege o uso do espectro de radiofrequ\u00eancias e as \u00f3rbitas de sat\u00e9lites geoestacion\u00e1rios e n\u00e3o geoestacion\u00e1rios.<\/p>\n<p>As revis\u00f5es s\u00e3o feitas com base em uma agenda determinada pelo Conselho da UIT, que considera as recomenda\u00e7\u00f5es feitas por confer\u00eancias mundiais de radiocomunica\u00e7\u00f5es realizadas anteriormente. Para saber mais detalhes, acesse o relat\u00f3rio com quest\u00f5es t\u00e9cnicas, operacionais e regulamentares\/processuais relevantes para a Agenda WRC-23.<\/p>\n<p><img fetchpriority=\"high\" decoding=\"async\" class=\"wp-image-18953 aligncenter\" src=\"https:\/\/www.sertsc.org.br\/site\/wp-content\/uploads\/2023\/03\/Site-1-300x200.png\" alt=\"\" width=\"507\" height=\"338\" \/><\/p>\n<p>Fonte: MCOM<\/p>\n","protected":false},"excerpt":{"rendered":"<p>No segundo dia (21\/11) da Confer\u00eancia Mundial de Radiocomunica\u00e7\u00f5es (WRC-23),&hellip;<\/p>\n<p> <a class=\"more-link\" href=\"https:\/\/sertsc.org.br\/site\/inclusao-digital-e-destaque-na-conferencia-mundial-de-radiocomunicacoes-wrc-23\/\">Leia mais<\/a><\/p>\n","protected":false},"author":1,"featured_media":18953,"comment_status":"open","ping_status":"open","sticky":false,"template":"","format":"standard","meta":{"footnotes":""},"categories":[33,3],"tags":[],"class_list":{"0":"post-19331","1":"post","2":"type-post","3":"status-publish","4":"format-standard","5":"has-post-thumbnail","7":"category-destaques","8":"category-noticias"},"_links":{"self":[{"href":"https:\/\/sertsc.org.br\/site\/wp-json\/wp\/v2\/posts\/19331","targetHints":{"allow":["GET"]}}],"collection":[{"href":"https:\/\/sertsc.org.br\/site\/wp-json\/wp\/v2\/posts"}],"about":[{"href":"https:\/\/sertsc.org.br\/site\/wp-json\/wp\/v2\/types\/post"}],"author":[{"embeddable":true,"href":"https:\/\/sertsc.org.br\/site\/wp-json\/wp\/v2\/users\/1"}],"replies":[{"embeddable":true,"href":"https:\/\/sertsc.org.br\/site\/wp-json\/wp\/v2\/comments?post=19331"}],"version-history":[{"count":0,"href":"https:\/\/sertsc.org.br\/site\/wp-json\/wp\/v2\/posts\/19331\/revisions"}],"wp:featuredmedia":[{"embeddable":true,"href":"https:\/\/sertsc.org.br\/site\/wp-json\/"}],"wp:attachment":[{"href":"https:\/\/sertsc.org.br\/site\/wp-json\/wp\/v2\/media?parent=19331"}],"wp:term":[{"taxonomy":"category","embeddable":true,"href":"https:\/\/sertsc.org.br\/site\/wp-json\/wp\/v2\/categories?post=19331"},{"taxonomy":"post_tag","embeddable":true,"href":"https:\/\/sertsc.org.br\/site\/wp-json\/wp\/v2\/tags?post=19331"}],"curies":[{"name":"wp","href":"https:\/\/api.w.org\/{rel}","templated":true}]}}