{"id":19301,"date":"2023-11-03T10:32:44","date_gmt":"2023-11-03T13:32:44","guid":{"rendered":"https:\/\/www.sertsc.org.br\/site\/?p=19301"},"modified":"2023-11-03T10:32:44","modified_gmt":"2023-11-03T13:32:44","slug":"radio-on-entendendo-as-estrategias-de-digitalizacao-do-radio-europeu-e-seus-reflexos","status":"publish","type":"post","link":"https:\/\/sertsc.org.br\/site\/radio-on-entendendo-as-estrategias-de-digitalizacao-do-radio-europeu-e-seus-reflexos\/","title":{"rendered":"R\u00e1dio ON: Entendendo as estrat\u00e9gias de digitaliza\u00e7\u00e3o do r\u00e1dio europeu e seus reflexos"},"content":{"rendered":"<p>Em seu terceiro epis\u00f3dio, o podcast R\u00e1dio ON, uma produ\u00e7\u00e3o liderada pelo tudoradio.com, debate os impactos da digitaliza\u00e7\u00e3o do r\u00e1dio em regi\u00f5es europeias e como os resultados observados l\u00e1 podem beneficiar o mercado brasileiro. Na pauta, destaca-se a mais recente pesquisa da Radio Joint Audience Research (RAJAR), que revela que 88% da popula\u00e7\u00e3o do Reino Unido escuta r\u00e1dio semanalmente. Os dados gerais at\u00e9 indicam uma estabilidade no consumo dessa m\u00eddia por l\u00e1, mas os debatedores do R\u00e1dio ON apontam para uma s\u00e9rie de transforma\u00e7\u00f5es em curso, visando manter essa estabilidade na Europa.<\/p>\n<p>As mudan\u00e7as s\u00e3o variadas, abrangendo desde o investimento na distribui\u00e7\u00e3o de conte\u00fado ao vivo e sob demanda via \u00e1udio digital \u2014 incluindo streaming e podcasts \u2014 at\u00e9 o incentivo \u00e0 ado\u00e7\u00e3o da transmiss\u00e3o de r\u00e1dio digital (DAB+), que ocorre por meio de ondas terrestres. Atualmente, 76% de toda a popula\u00e7\u00e3o adulta (a partir de 15 anos) do Reino Unido consome r\u00e1dio por meio de plataformas digitais (DAB+ e\/ou streaming de r\u00e1dio).<\/p>\n<p>Daniel Starck e Cristiano Stuani, debatedores do R\u00e1dio ON, ressaltam que o Reino Unido apresenta algumas semelhan\u00e7as com o r\u00e1dio brasileiro: a maior parte do consumo ocorre nas resid\u00eancias, o formato de programa\u00e7\u00e3o das r\u00e1dios musicais \u00e9 similar (organiza\u00e7\u00e3o de vinhetas, programas de conversa, entre outros elementos) e at\u00e9 a &#8216;embalagem&#8217; em plataformas online \u00e9 parecida, com conte\u00fados em \u00e1udio recebendo vers\u00f5es em v\u00eddeo. Nos est\u00fadios de r\u00e1dio, as caracter\u00edsticas principais s\u00e3o mantidas, mas h\u00e1 uma total adapta\u00e7\u00e3o para a entrega audiovisual (layout, elementos, etc).<\/p>\n<p>&#8220;Ao analisar os n\u00fameros da RAJAR sobre o r\u00e1dio brit\u00e2nico, percebe-se que houve um longo per\u00edodo de prepara\u00e7\u00e3o do setor para o cen\u00e1rio digital, seja por meio da transmiss\u00e3o terrestre, seja pela entrega de conte\u00fado via streaming. Esse processo ocorreu de maneira natural na parte criativa, mas foi acompanhado por um intenso movimento e investimento do setor na transi\u00e7\u00e3o para o digital. No final das contas, o alcance se mant\u00e9m est\u00e1vel em um patamar elevado porque o r\u00e1dio est\u00e1 acertando na sua adapta\u00e7\u00e3o ao digital&#8221;, afirma Daniel.<\/p>\n<p>No entanto, no caso do Brasil, ainda h\u00e1 mais perguntas do que respostas. Muitas dessas quest\u00f5es est\u00e3o relacionadas aos gargalos existentes na infraestrutura brasileira, tanto no que se refere \u00e0 presen\u00e7a do r\u00e1dio via ondas para os usu\u00e1rios quanto \u00e0 oferta de cobertura de internet m\u00f3vel, essencial para o consumo de \u00e1udio digital em movimento.<\/p>\n<p>&#8220;\u00c9 inspirador ver o r\u00e1dio prosperando em pa\u00edses como o Reino Unido. No entanto, n\u00e3o posso deixar de refletir sobre os desafios que o r\u00e1dio brasileiro enfrenta. Muitos desses obst\u00e1culos poderiam ser amenizados com melhores estruturas, tanto na internet quanto nos sistemas tradicionais de transmiss\u00e3o. Acredito que, com o apoio adequado, o r\u00e1dio no Brasil poderia alcan\u00e7ar patamares ainda mais elevados.&#8221;, destaca Stuani.<\/p>\n<p>A cada duas semanas, um novo epis\u00f3dio do R\u00e1dio ON ser\u00e1 lan\u00e7ado no Spotify sempre \u00e0s quintas-feiras, \u00e0s 19h00 (hor\u00e1rio de Bras\u00edlia). E no YouTube \u00e0s 09h00, \u00e0s sextas-feiras, no canal do tudoradio.com. Ou\u00e7a o primeiro epis\u00f3dio no player dispon\u00edvel abaixo: <a href=\"https:\/\/tudoradio.com\/noticias\/ver\/30237-radio-on-entendendo-as-estrategias-de-digitalizacao-do-radio-europeu-e-seus-reflexos\">Confira mais em Tudo R\u00e1dio.<\/a><\/p>\n<p><img fetchpriority=\"high\" decoding=\"async\" class=\"wp-image-19302 aligncenter\" src=\"https:\/\/www.sertsc.org.br\/site\/wp-content\/uploads\/2023\/11\/Site--300x200.png\" alt=\"\" width=\"497\" height=\"331\" \/><\/p>\n<p>Fonte: Tudo R\u00e1dio.<\/p>\n","protected":false},"excerpt":{"rendered":"<p>Em seu terceiro epis\u00f3dio, o podcast R\u00e1dio ON, uma produ\u00e7\u00e3o&hellip;<\/p>\n<p> <a class=\"more-link\" href=\"https:\/\/sertsc.org.br\/site\/radio-on-entendendo-as-estrategias-de-digitalizacao-do-radio-europeu-e-seus-reflexos\/\">Leia mais<\/a><\/p>\n","protected":false},"author":1,"featured_media":19302,"comment_status":"open","ping_status":"open","sticky":false,"template":"","format":"standard","meta":{"footnotes":""},"categories":[33,3],"tags":[],"class_list":{"0":"post-19301","1":"post","2":"type-post","3":"status-publish","4":"format-standard","5":"has-post-thumbnail","7":"category-destaques","8":"category-noticias"},"_links":{"self":[{"href":"https:\/\/sertsc.org.br\/site\/wp-json\/wp\/v2\/posts\/19301","targetHints":{"allow":["GET"]}}],"collection":[{"href":"https:\/\/sertsc.org.br\/site\/wp-json\/wp\/v2\/posts"}],"about":[{"href":"https:\/\/sertsc.org.br\/site\/wp-json\/wp\/v2\/types\/post"}],"author":[{"embeddable":true,"href":"https:\/\/sertsc.org.br\/site\/wp-json\/wp\/v2\/users\/1"}],"replies":[{"embeddable":true,"href":"https:\/\/sertsc.org.br\/site\/wp-json\/wp\/v2\/comments?post=19301"}],"version-history":[{"count":0,"href":"https:\/\/sertsc.org.br\/site\/wp-json\/wp\/v2\/posts\/19301\/revisions"}],"wp:featuredmedia":[{"embeddable":true,"href":"https:\/\/sertsc.org.br\/site\/wp-json\/"}],"wp:attachment":[{"href":"https:\/\/sertsc.org.br\/site\/wp-json\/wp\/v2\/media?parent=19301"}],"wp:term":[{"taxonomy":"category","embeddable":true,"href":"https:\/\/sertsc.org.br\/site\/wp-json\/wp\/v2\/categories?post=19301"},{"taxonomy":"post_tag","embeddable":true,"href":"https:\/\/sertsc.org.br\/site\/wp-json\/wp\/v2\/tags?post=19301"}],"curies":[{"name":"wp","href":"https:\/\/api.w.org\/{rel}","templated":true}]}}