{"id":19271,"date":"2023-10-05T14:17:20","date_gmt":"2023-10-05T17:17:20","guid":{"rendered":"https:\/\/www.sertsc.org.br\/site\/?p=19271"},"modified":"2023-10-05T14:17:20","modified_gmt":"2023-10-05T17:17:20","slug":"anatel-abre-tomada-de-subsidios-para-o-desligamento-das-redes-2g-e-3g-no-pais","status":"publish","type":"post","link":"https:\/\/sertsc.org.br\/site\/anatel-abre-tomada-de-subsidios-para-o-desligamento-das-redes-2g-e-3g-no-pais\/","title":{"rendered":"Anatel abre tomada de subs\u00eddios para o desligamento das redes 2G e 3G no pa\u00eds"},"content":{"rendered":"<p>A Anatel argumenta que a maioria dos celulares funciona com 4G e adota o 5G e que as tecnologias mais antigas, como 2G e 3G est\u00e3o ocupando o espectro com inefici\u00eancia.<\/p>\n<p>A superintend\u00eancia de Outorgas e Recursos a presta\u00e7\u00e3o da Anatel lan\u00e7ou hoje, 03, tomada de subs\u00eddios para dar in\u00edcio ao desligamento das redes 2G e 3G no pa\u00eds. Conforme o chamamento, o regulador quer ouvir do mercado e da sociedade as \u201cposs\u00edveis medidas para fomentar um planejamento para a transi\u00e7\u00e3o tecnol\u00f3gica dos padr\u00f5es 2G e 3G para os padr\u00f5es 4G e 5G, utilizados em sistemas m\u00f3veis, a serem adotadas por todos os agentes envolvidos (prestadoras do SMP, fabricantes de equipamentos de telecomunica\u00e7\u00f5es, usu\u00e1rios e Anatel), e quanto aos potenciais impactos que tais medidas teriam sobre os mencionados agentes\u201d<\/p>\n<p>Conforme foi antecipado pelo Tele.S\u00edntese, a Conexis, entidade que representa as grandes operadoras de celular, encaminhou pleito \u00c0 ag\u00eancia para a tomada de provid\u00eancias para o desligamento das tecnologias 2G e 3G. Conforme a superintend\u00eancia, \u201d os dispositivos restritos ou compat\u00edveis apenas com as tecnologias 2G e 3G utilizam o espectro de forma menos eficiente e, de forma global, seus ecossistemas isolados est\u00e3o se tornando obsoletos para atender \u00e0s demandas das aplica\u00e7\u00f5es atuais. Assim, tais dispositivos tendem a ter custos onerosos para sua manuten\u00e7\u00e3o e obriga\u00e7\u00e3o de se manterem ativados.\u201d<\/p>\n<p>A Anatel pergunta:<\/p>\n<p>. Quais s\u00e3o as medidas que as prestadoras de servi\u00e7os de telecomunica\u00e7\u00f5es poderiam adotar para fomentar a transi\u00e7\u00e3o tecnol\u00f3gica dos padr\u00f5es 2G e 3G para os padr\u00f5es 4G e 5G, utilizados em sistemas m\u00f3veis?<\/p>\n<p>2. Quais s\u00e3o as medidas que os fabricantes de equipamentos de telecomunica\u00e7\u00f5es poderiam adotar para fomentar a transi\u00e7\u00e3o tecnol\u00f3gica dos padr\u00f5es 2G e 3G para os padr\u00f5es 4G e 5G, utilizados em sistemas m\u00f3veis?<\/p>\n<p>3. Quais s\u00e3o as medidas que os usu\u00e1rios de servi\u00e7os de telecomunica\u00e7\u00f5es poderiam adotar para de fomentar a transi\u00e7\u00e3o tecnol\u00f3gica dos padr\u00f5es 2G e 3G para os padr\u00f5es 4G e 5G, utilizados em sistemas m\u00f3veis?<\/p>\n<p>4. Quais s\u00e3o as medidas que a Anatel poderia adotar para fomentar um planejamento para a transi\u00e7\u00e3o definitiva de tecnologias dos padr\u00f5es 2G e 3G para os padr\u00f5es 4G e 5G, utilizados em sistemas m\u00f3veis?<\/p>\n<p>4.1. A interrup\u00e7\u00e3o da homologa\u00e7\u00e3o de equipamentos restritos ou compat\u00edveis apenas com as tecnologias 2G e 3G, de forma coordenada com os agentes do setor, seria uma medida vi\u00e1vel para incentivar o planejamento dessa transi\u00e7\u00e3o definitiva dos padr\u00f5es tecnol\u00f3gicos 2G e 3G para os padr\u00f5es 4G e 5G, utilizados em sistemas m\u00f3veis?<\/p>\n<p>5. Existem outros aspectos que devem ser considerados pela Anatel na transi\u00e7\u00e3o definitiva de tecnologias dos padr\u00f5es 2G e 3G para os padr\u00f5es 4G e 5G, utilizados em sistemas m\u00f3veis?<\/p>\n<p>Carlos Baigorri, presidente da Anatel, anunciou essa iniciativa na abertura do Futurecom 2023. E disse que sabe que esse tema ir\u00e1 motivar muito debate e, por isso, conclamou todos a responderem \u00e0 consulta.<\/p>\n<p>A tomada de subs\u00eddio ficar\u00e1 aberta por 30 dias.<\/p>\n<p><img fetchpriority=\"high\" decoding=\"async\" class=\"wp-image-19079 aligncenter\" src=\"https:\/\/www.sertsc.org.br\/site\/wp-content\/uploads\/2023\/05\/Site-1-300x200.png\" alt=\"\" width=\"474\" height=\"316\" \/><\/p>\n<p>Fonte: Teles\u00edntese<\/p>\n","protected":false},"excerpt":{"rendered":"<p>A Anatel argumenta que a maioria dos celulares funciona com&hellip;<\/p>\n<p> <a class=\"more-link\" href=\"https:\/\/sertsc.org.br\/site\/anatel-abre-tomada-de-subsidios-para-o-desligamento-das-redes-2g-e-3g-no-pais\/\">Leia mais<\/a><\/p>\n","protected":false},"author":1,"featured_media":19079,"comment_status":"open","ping_status":"open","sticky":false,"template":"","format":"standard","meta":{"footnotes":""},"categories":[1],"tags":[],"class_list":{"0":"post-19271","1":"post","2":"type-post","3":"status-publish","4":"format-standard","5":"has-post-thumbnail","7":"category-geral"},"_links":{"self":[{"href":"https:\/\/sertsc.org.br\/site\/wp-json\/wp\/v2\/posts\/19271","targetHints":{"allow":["GET"]}}],"collection":[{"href":"https:\/\/sertsc.org.br\/site\/wp-json\/wp\/v2\/posts"}],"about":[{"href":"https:\/\/sertsc.org.br\/site\/wp-json\/wp\/v2\/types\/post"}],"author":[{"embeddable":true,"href":"https:\/\/sertsc.org.br\/site\/wp-json\/wp\/v2\/users\/1"}],"replies":[{"embeddable":true,"href":"https:\/\/sertsc.org.br\/site\/wp-json\/wp\/v2\/comments?post=19271"}],"version-history":[{"count":0,"href":"https:\/\/sertsc.org.br\/site\/wp-json\/wp\/v2\/posts\/19271\/revisions"}],"wp:featuredmedia":[{"embeddable":true,"href":"https:\/\/sertsc.org.br\/site\/wp-json\/"}],"wp:attachment":[{"href":"https:\/\/sertsc.org.br\/site\/wp-json\/wp\/v2\/media?parent=19271"}],"wp:term":[{"taxonomy":"category","embeddable":true,"href":"https:\/\/sertsc.org.br\/site\/wp-json\/wp\/v2\/categories?post=19271"},{"taxonomy":"post_tag","embeddable":true,"href":"https:\/\/sertsc.org.br\/site\/wp-json\/wp\/v2\/tags?post=19271"}],"curies":[{"name":"wp","href":"https:\/\/api.w.org\/{rel}","templated":true}]}}