{"id":19268,"date":"2023-10-05T14:10:16","date_gmt":"2023-10-05T17:10:16","guid":{"rendered":"https:\/\/www.sertsc.org.br\/site\/?p=19268"},"modified":"2023-10-05T14:10:16","modified_gmt":"2023-10-05T17:10:16","slug":"europa-ja-conta-com-estacao-de-radio-feita-100-por-inteligencia-artificial","status":"publish","type":"post","link":"https:\/\/sertsc.org.br\/site\/europa-ja-conta-com-estacao-de-radio-feita-100-por-inteligencia-artificial\/","title":{"rendered":"Europa j\u00e1 conta com esta\u00e7\u00e3o de r\u00e1dio feita 100% por intelig\u00eancia artificial"},"content":{"rendered":"<p>Assim como em outros setores econ\u00f4micos ao redor do mundo, a intelig\u00eancia artificial (IA) tem avan\u00e7ado na ind\u00fastria de r\u00e1dio, tanto em discuss\u00f5es sobre sua aplica\u00e7\u00e3o quanto na implementa\u00e7\u00e3o pr\u00e1tica. Na Alemanha, a Antenne Deutschland inaugurou um projeto que pode ser a primeira esta\u00e7\u00e3o de r\u00e1dio 100% desenvolvida por IA a ser transmitida via ondas terrestres. \u00c9 a Absolut Radio AI, dispon\u00edvel em DAB+, o r\u00e1dio digital terrestre europeu. Apesar de tais iniciativas, a dire\u00e7\u00e3o do grupo por tr\u00e1s do projeto n\u00e3o acredita na substitui\u00e7\u00e3o de apresentadores de r\u00e1dio por IA. Acompanhe:<\/p>\n<p>A r\u00e1dio totalmente desenvolvida por intelig\u00eancia artificial opera no mercado de Braunschweig, situado na regi\u00e3o central da Alemanha. Segundo a imprensa especializada, ela utiliza a tecnologia da Radio.Cloud. O software baseado em nuvem elabora a programa\u00e7\u00e3o, define os intervalos e cria faixas de voz com uma funcionalidade chamada Voicetrack.ai. A esta\u00e7\u00e3o \u00e9 voltada para ouvintes entre 14 e 49 anos, com foco em m\u00fasica pop e dance. A voz sint\u00e9tica no ar \u00e9 denominada kAI.<\/p>\n<p>De acordo com a gest\u00e3o da Antenne Deutschland, a motiva\u00e7\u00e3o para usar IA em novos projetos e em r\u00e1dios j\u00e1 estabelecidos \u00e9 a chance de expandir a gama de produtos e melhorar a efici\u00eancia de suas equipes. Tina Zacher, diretora de programa\u00e7\u00e3o, defende que a IA n\u00e3o substituir\u00e1 os radialistas na pr\u00f3xima d\u00e9cada. Ela acredita que os seres humanos sempre buscar\u00e3o intera\u00e7\u00e3o com outros seres humanos. No entanto, a IA pode simplificar tarefas repetitivas, dando mais tempo para os profissionais de r\u00e1dio serem criativos.<\/p>\n<p>Mirko Drenger, diretor administrativo da Antenne Deutschland, concorda e enfatiza que a IA n\u00e3o visa economizar custos, mas sim produzir conte\u00fado de maneira mais \u00e1gil e inteligente. Ele v\u00ea a IA como uma ferramenta que otimiza opera\u00e7\u00f5es, e n\u00e3o como um substituto para os humanos.<\/p>\n<p>&#8220;A inclus\u00e3o da IA no r\u00e1dio det\u00e9m significativa import\u00e2ncia e urge ser implementada; contudo, \u00e9 importante reconhecer que a emo\u00e7\u00e3o permanece humana. O r\u00e1dio deve navegar cuidadosamente por essas \u00e1guas tecnol\u00f3gicas para evitar tornar-se um mero Spotify e, assim, perder sua ess\u00eancia e valor. Embora a integra\u00e7\u00e3o da IA nas emissoras de r\u00e1dio seja inevit\u00e1vel, preservar a ess\u00eancia do meio, mantendo a rela\u00e7\u00e3o calorosa e humana entre ouvinte e esta\u00e7\u00e3o, continua a fazer toda a diferen\u00e7a.&#8221; afirma Cristiano Stuani, consultor em emissoras de r\u00e1dio e IA, ouvido pelo tudoradio.com.<\/p>\n<p>Christian Brenner, CEO e fundador da Radio.Cloud, esclarece que \u00e9 justamente essa a perspectiva dos grupos: expandir a oferta de canais de r\u00e1dio e \u00e1udio para diferentes p\u00fablicos, utilizando solu\u00e7\u00f5es baseadas em IA. Brenner menciona que h\u00e1 interesse de clientes em integrar IA a canais de m\u00fasica &#8220;nonstop&#8221; em DAB ou canais de r\u00e1dio online, ou at\u00e9 mesmo lan\u00e7ar novos, como fez a Antenne Deutschland.<\/p>\n<p>No NAB Show 2023, realizado nos Estados Unidos em abril passado, a vis\u00e3o atual do setor norte-americano segue na mesma linha do grupo alem\u00e3o: a intelig\u00eancia artificial est\u00e1 aqui para auxiliar processos existentes nas emissoras, al\u00e9m de ser uma oportunidade para expandir a oferta de conte\u00fado em situa\u00e7\u00f5es que a empresa de m\u00eddia atualmente n\u00e3o consegue atender, conforme destacado pelo tudoradio.com. Ou seja, hor\u00e1rios que atualmente n\u00e3o t\u00eam not\u00edcias ou locu\u00e7\u00e3o ao vivo poderiam passar a ter essa op\u00e7\u00e3o. Ou na cria\u00e7\u00e3o de canais extras. Contudo, um gestor da Futuri, durante o Radiodays Europe, declarou que a IA s\u00f3 substituir\u00e1 pessoas que n\u00e3o se adaptaram \u00e0 tecnologia.<\/p>\n<p>No entanto, h\u00e1 um debate no mercado sobre a percep\u00e7\u00e3o dos ouvintes em rela\u00e7\u00e3o ao novo formato. Conforme relatos da m\u00eddia especializada, o p\u00fablico n\u00e3o percebe kAI como uma m\u00e1quina, mas sim como uma pessoa, sentindo-se conectado a ele e apreciando seu senso de humor.<\/p>\n<p><img fetchpriority=\"high\" decoding=\"async\" class=\"wp-image-19269 aligncenter\" src=\"https:\/\/www.sertsc.org.br\/site\/wp-content\/uploads\/2023\/10\/Site--300x200.png\" alt=\"\" width=\"503\" height=\"335\" \/><\/p>\n<p>Fonte: Tudo R\u00e1dio.<\/p>\n","protected":false},"excerpt":{"rendered":"<p>Assim como em outros setores econ\u00f4micos ao redor do mundo,&hellip;<\/p>\n<p> <a class=\"more-link\" href=\"https:\/\/sertsc.org.br\/site\/europa-ja-conta-com-estacao-de-radio-feita-100-por-inteligencia-artificial\/\">Leia mais<\/a><\/p>\n","protected":false},"author":1,"featured_media":19269,"comment_status":"open","ping_status":"open","sticky":false,"template":"","format":"standard","meta":{"footnotes":""},"categories":[33,3],"tags":[],"class_list":{"0":"post-19268","1":"post","2":"type-post","3":"status-publish","4":"format-standard","5":"has-post-thumbnail","7":"category-destaques","8":"category-noticias"},"_links":{"self":[{"href":"https:\/\/sertsc.org.br\/site\/wp-json\/wp\/v2\/posts\/19268","targetHints":{"allow":["GET"]}}],"collection":[{"href":"https:\/\/sertsc.org.br\/site\/wp-json\/wp\/v2\/posts"}],"about":[{"href":"https:\/\/sertsc.org.br\/site\/wp-json\/wp\/v2\/types\/post"}],"author":[{"embeddable":true,"href":"https:\/\/sertsc.org.br\/site\/wp-json\/wp\/v2\/users\/1"}],"replies":[{"embeddable":true,"href":"https:\/\/sertsc.org.br\/site\/wp-json\/wp\/v2\/comments?post=19268"}],"version-history":[{"count":0,"href":"https:\/\/sertsc.org.br\/site\/wp-json\/wp\/v2\/posts\/19268\/revisions"}],"wp:featuredmedia":[{"embeddable":true,"href":"https:\/\/sertsc.org.br\/site\/wp-json\/"}],"wp:attachment":[{"href":"https:\/\/sertsc.org.br\/site\/wp-json\/wp\/v2\/media?parent=19268"}],"wp:term":[{"taxonomy":"category","embeddable":true,"href":"https:\/\/sertsc.org.br\/site\/wp-json\/wp\/v2\/categories?post=19268"},{"taxonomy":"post_tag","embeddable":true,"href":"https:\/\/sertsc.org.br\/site\/wp-json\/wp\/v2\/tags?post=19268"}],"curies":[{"name":"wp","href":"https:\/\/api.w.org\/{rel}","templated":true}]}}