{"id":19266,"date":"2023-10-03T08:32:29","date_gmt":"2023-10-03T11:32:29","guid":{"rendered":"https:\/\/www.sertsc.org.br\/site\/?p=19266"},"modified":"2023-10-03T08:32:29","modified_gmt":"2023-10-03T11:32:29","slug":"ministerio-das-comunicacoes-reforca-que-pedido-para-migracao-am-fm-deve-ser-feito-ate-31-de-dezembro","status":"publish","type":"post","link":"https:\/\/sertsc.org.br\/site\/ministerio-das-comunicacoes-reforca-que-pedido-para-migracao-am-fm-deve-ser-feito-ate-31-de-dezembro\/","title":{"rendered":"Minist\u00e9rio das Comunica\u00e7\u00f5es refor\u00e7a que pedido para migra\u00e7\u00e3o AM-FM deve ser feito at\u00e9 31 de dezembro"},"content":{"rendered":"<p>O Minist\u00e9rio das Comunica\u00e7\u00f5es (MCom) refor\u00e7ou o alerta para que as r\u00e1dios AM que ainda n\u00e3o fizeram o requerimento para a adapta\u00e7\u00e3o da outorga que o prazo ser\u00e1 encerrado no dia 31 de dezembro. Segundo o \u00faltimo levantamento da pasta, 1.133 emissoras AM em todo o pa\u00eds j\u00e1 foram liberadas para iniciar suas opera\u00e7\u00f5es no dial FM.<\/p>\n<p>O MCom destacou que a migra\u00e7\u00e3o AM-FM \u00e9 obrigat\u00f3ria para r\u00e1dios AM de alcance local. J\u00e1 as r\u00e1dios AM de alcance regional e nacional podem continuar operando normalmente. Caso queiram mudar de frequ\u00eancia, poder\u00e3o efetuar essa mudan\u00e7a posteriormente.<\/p>\n<p>Em um \u00faltimo levantamento divulgado no dia 21de setembro, o minist\u00e9rio registrou 1.133 r\u00e1dios que j\u00e1 efetuaram a mudan\u00e7a que teve in\u00edcio em 2013, com a publica\u00e7\u00e3o do decreto presidencial n\u00ba 8.139. O n\u00famero diverge da contagem do tudoradio.com, que conta com outro tipo de levantamento, que acaba completando a sequ\u00eancia desse processo, onde o portal lista apenas as r\u00e1dios que j\u00e1 est\u00e3o no ar efetivamente em FM e n\u00e3o aquelas que j\u00e1 receberam autoriza\u00e7\u00e3o e que ainda, por diversos motivos, n\u00e3o est\u00e3o operando.<\/p>\n<p>O levantamento do MCom registra, ainda, que s\u00e3o 324 pedidos de migra\u00e7\u00e3o em an\u00e1lise e 67 j\u00e1 em fase de aprova\u00e7\u00e3o. At\u00e9 o final do ano, a estimativa \u00e9 migrar as 42 r\u00e1dios AM locais ainda existentes para FM, al\u00e9m de seguir as an\u00e1lises de migra\u00e7\u00e3o das r\u00e1dios AM regionais e nacionais em andamento.<\/p>\n<p>Segundo o secret\u00e1rio de Comunica\u00e7\u00e3o Social Eletr\u00f4nica do Minist\u00e9rio das Comunica\u00e7\u00f5es, Wilson Wellisch, apenas as de car\u00e1ter local, que deixar\u00e3o de existir. \u201cCaso essas r\u00e1dios n\u00e3o queiram migrar para FM, elas ser\u00e3o automaticamente direcionadas para r\u00e1dio AM regional, permanecendo com suas outorgas, mas com algumas caracter\u00edsticas diferentes, como a pot\u00eancia da transmiss\u00e3o\u201d, explicou.<\/p>\n<p>\u201cA migra\u00e7\u00e3o das emissoras de r\u00e1dio AM para a faixa FM representa um avan\u00e7o significativo na qualidade do servi\u00e7o de radiodifus\u00e3o, assegurando um som mais claro e livre de interfer\u00eancias, ao mesmo tempo em que refor\u00e7a o seu papel como fontes fundamentais de informa\u00e7\u00e3o e entretenimento para a comunidade,\u201d diz postagem neste dia 2 de outubro, do Minist\u00e9rio das Comunica\u00e7\u00f5es.<\/p>\n<p><img fetchpriority=\"high\" decoding=\"async\" class=\"wp-image-18787 aligncenter\" src=\"https:\/\/www.sertsc.org.br\/site\/wp-content\/uploads\/2023\/01\/Site-5-300x200.png\" alt=\"\" width=\"488\" height=\"325\" \/><\/p>\n<p>Fonte: Tudo R\u00e1dio.<\/p>\n","protected":false},"excerpt":{"rendered":"<p>O Minist\u00e9rio das Comunica\u00e7\u00f5es (MCom) refor\u00e7ou o alerta para que&hellip;<\/p>\n<p> <a class=\"more-link\" href=\"https:\/\/sertsc.org.br\/site\/ministerio-das-comunicacoes-reforca-que-pedido-para-migracao-am-fm-deve-ser-feito-ate-31-de-dezembro\/\">Leia mais<\/a><\/p>\n","protected":false},"author":1,"featured_media":18747,"comment_status":"open","ping_status":"open","sticky":false,"template":"","format":"standard","meta":{"footnotes":""},"categories":[33,1,3],"tags":[],"class_list":{"0":"post-19266","1":"post","2":"type-post","3":"status-publish","4":"format-standard","5":"has-post-thumbnail","7":"category-destaques","8":"category-geral","9":"category-noticias"},"_links":{"self":[{"href":"https:\/\/sertsc.org.br\/site\/wp-json\/wp\/v2\/posts\/19266","targetHints":{"allow":["GET"]}}],"collection":[{"href":"https:\/\/sertsc.org.br\/site\/wp-json\/wp\/v2\/posts"}],"about":[{"href":"https:\/\/sertsc.org.br\/site\/wp-json\/wp\/v2\/types\/post"}],"author":[{"embeddable":true,"href":"https:\/\/sertsc.org.br\/site\/wp-json\/wp\/v2\/users\/1"}],"replies":[{"embeddable":true,"href":"https:\/\/sertsc.org.br\/site\/wp-json\/wp\/v2\/comments?post=19266"}],"version-history":[{"count":0,"href":"https:\/\/sertsc.org.br\/site\/wp-json\/wp\/v2\/posts\/19266\/revisions"}],"wp:featuredmedia":[{"embeddable":true,"href":"https:\/\/sertsc.org.br\/site\/wp-json\/"}],"wp:attachment":[{"href":"https:\/\/sertsc.org.br\/site\/wp-json\/wp\/v2\/media?parent=19266"}],"wp:term":[{"taxonomy":"category","embeddable":true,"href":"https:\/\/sertsc.org.br\/site\/wp-json\/wp\/v2\/categories?post=19266"},{"taxonomy":"post_tag","embeddable":true,"href":"https:\/\/sertsc.org.br\/site\/wp-json\/wp\/v2\/tags?post=19266"}],"curies":[{"name":"wp","href":"https:\/\/api.w.org\/{rel}","templated":true}]}}