{"id":19263,"date":"2023-09-28T08:28:06","date_gmt":"2023-09-28T11:28:06","guid":{"rendered":"https:\/\/www.sertsc.org.br\/site\/?p=19263"},"modified":"2023-09-28T08:28:06","modified_gmt":"2023-09-28T11:28:06","slug":"ministerio-das-comunicacoes-libera-outorgas-da-migracao-am-fm-em-quatro-estados","status":"publish","type":"post","link":"https:\/\/sertsc.org.br\/site\/ministerio-das-comunicacoes-libera-outorgas-da-migracao-am-fm-em-quatro-estados\/","title":{"rendered":"Minist\u00e9rio das Comunica\u00e7\u00f5es libera outorgas da migra\u00e7\u00e3o AM-FM em quatro estados"},"content":{"rendered":"<p>O Minist\u00e9rio das Comunica\u00e7\u00f5es publicou no Di\u00e1rio Oficial da Uni\u00e3o (DOU) Extratos de Termo Aditivo de Adapta\u00e7\u00e3o de outorga de OM para FM para quatro estados e seis cidades. Mais uma vez, S\u00e3o Paulo foi o estado que teve o maior n\u00famero de cidades beneficiadas, com tr\u00eas. Mercados como Curitiba e Grande Porto Alegre tamb\u00e9m est\u00e3o na lista. Algumas das concess\u00f5es j\u00e1 est\u00e3o em opera\u00e7\u00e3o no dial FM.<\/p>\n<p>As entidades respons\u00e1veis por transmitir a programa\u00e7\u00e3o nessas regi\u00f5es ser\u00e3o autorizadas a explorar o servi\u00e7o de radiodifus\u00e3o sonora em FM pelo per\u00edodo de dez anos, sem exclusividade. No entanto, as outorgas ainda est\u00e3o sujeitas \u00e0 delibera\u00e7\u00e3o do Congresso Nacional antes de serem oficializadas.<\/p>\n<p>Com essa iniciativa, espera-se fortalecer a oferta de conte\u00fado radiof\u00f4nico nas localidades contempladas, proporcionando maior diversidade de informa\u00e7\u00f5es e entretenimento para os moradores. As publica\u00e7\u00f5es dos extratos do Termo Aditivo de cara emissora foram feitas no desta semana.<\/p>\n<p><strong>Confira a lista abaixo:<\/strong><\/p>\n<p>&#8211; Paran\u00e1<\/p>\n<p>Curitiba<br \/>\nR\u00e1dio Deus \u00e9 Amor AM 1210 para 80.1 FM &#8211; Classe A4<\/p>\n<p>R\u00e1dio Banda B AM 550 para 79.3 FM &#8211; Classe E3<br \/>\n(Esta j\u00e1 migrou para o FM e agora em car\u00e1ter definitivo)<\/p>\n<p>&#8211; Maranh\u00e3o<\/p>\n<p>S\u00e3o Jo\u00e3o dos Patos<br \/>\nR\u00e1dio Boa Esperan\u00e7a AM 1450 para 91.1 FM &#8211; Classe C<br \/>\n(J\u00e1 migrou para o FM e agora em definitivo)<\/p>\n<p>&#8211; S\u00e3o Paulo<\/p>\n<p>Sumar\u00e9<br \/>\nR\u00e1dio Wolf AM 540 para 78.9 FM &#8211; Classe B1<\/p>\n<p>Guarulhos<br \/>\nR\u00e1dio Boa Nova AM 1450 para 85.5 FM &#8211; Classe A4<\/p>\n<p>Mogi Mirim<br \/>\nFYFM AM 610 para 76.9 FM &#8211; Classe B1<\/p>\n<p>&#8211; Rio Grande do Sul<\/p>\n<p>Canoas (Grande Porto Alegre)<br \/>\nCBN Porto Alegre AM 1340 para 79.1 FM &#8211; Classe A4<\/p>\n<p><img fetchpriority=\"high\" decoding=\"async\" class=\"wp-image-18650 aligncenter\" src=\"https:\/\/www.sertsc.org.br\/site\/wp-content\/uploads\/2022\/11\/Aniversario-Email-22-4-300x200.png\" alt=\"\" width=\"494\" height=\"329\" \/><\/p>\n<p>Com informa\u00e7\u00f5s do MCom, colabora\u00e7\u00e3o de Pedro Santana E tudo R\u00e1dio.<\/p>\n","protected":false},"excerpt":{"rendered":"<p>O Minist\u00e9rio das Comunica\u00e7\u00f5es publicou no Di\u00e1rio Oficial da Uni\u00e3o&hellip;<\/p>\n<p> <a class=\"more-link\" href=\"https:\/\/sertsc.org.br\/site\/ministerio-das-comunicacoes-libera-outorgas-da-migracao-am-fm-em-quatro-estados\/\">Leia mais<\/a><\/p>\n","protected":false},"author":1,"featured_media":18874,"comment_status":"open","ping_status":"open","sticky":false,"template":"","format":"standard","meta":{"footnotes":""},"categories":[33,3],"tags":[],"class_list":{"0":"post-19263","1":"post","2":"type-post","3":"status-publish","4":"format-standard","5":"has-post-thumbnail","7":"category-destaques","8":"category-noticias"},"_links":{"self":[{"href":"https:\/\/sertsc.org.br\/site\/wp-json\/wp\/v2\/posts\/19263","targetHints":{"allow":["GET"]}}],"collection":[{"href":"https:\/\/sertsc.org.br\/site\/wp-json\/wp\/v2\/posts"}],"about":[{"href":"https:\/\/sertsc.org.br\/site\/wp-json\/wp\/v2\/types\/post"}],"author":[{"embeddable":true,"href":"https:\/\/sertsc.org.br\/site\/wp-json\/wp\/v2\/users\/1"}],"replies":[{"embeddable":true,"href":"https:\/\/sertsc.org.br\/site\/wp-json\/wp\/v2\/comments?post=19263"}],"version-history":[{"count":0,"href":"https:\/\/sertsc.org.br\/site\/wp-json\/wp\/v2\/posts\/19263\/revisions"}],"wp:featuredmedia":[{"embeddable":true,"href":"https:\/\/sertsc.org.br\/site\/wp-json\/"}],"wp:attachment":[{"href":"https:\/\/sertsc.org.br\/site\/wp-json\/wp\/v2\/media?parent=19263"}],"wp:term":[{"taxonomy":"category","embeddable":true,"href":"https:\/\/sertsc.org.br\/site\/wp-json\/wp\/v2\/categories?post=19263"},{"taxonomy":"post_tag","embeddable":true,"href":"https:\/\/sertsc.org.br\/site\/wp-json\/wp\/v2\/tags?post=19263"}],"curies":[{"name":"wp","href":"https:\/\/api.w.org\/{rel}","templated":true}]}}