{"id":19246,"date":"2023-09-19T09:09:54","date_gmt":"2023-09-19T12:09:54","guid":{"rendered":"https:\/\/www.sertsc.org.br\/site\/?p=19246"},"modified":"2023-09-19T09:09:54","modified_gmt":"2023-09-19T12:09:54","slug":"encontro-de-opecs-comeca-nesta-terca-feira-19","status":"publish","type":"post","link":"https:\/\/sertsc.org.br\/site\/encontro-de-opecs-comeca-nesta-terca-feira-19\/","title":{"rendered":"Encontro de OPECs come\u00e7a nesta ter\u00e7a-feira (19)"},"content":{"rendered":"<p>A ACAERT promove nesta ter\u00e7a(19) e quarta-feira (20) o 2\u00ba Encontro de OPECs no Castelmar Hotel, em Florian\u00f3polis. Confirmada a presen\u00e7a de representantes de 237 emissoras associadas de r\u00e1dio e televis\u00e3o. Presen\u00e7as confirmadas do presidente da Frente Parlamentar da M\u00eddia Regional, Pedro Uczai, do secret\u00e1rio de Comunica\u00e7\u00e3o de Santa Catarina, Jo\u00e3o Debiasi, e de representantes do N\u00facleo de M\u00eddia da SECOM da Presid\u00eancia da Rep\u00fablica.<\/p>\n<p>Destaques da pauta do Encontro s\u00e3o novas orienta\u00e7\u00f5es dos conv\u00eanios dos \u00f3rg\u00e3os MPSC, TJSC, TCESC, SECOM e ALESC. Outro ser\u00e1 a apresenta\u00e7\u00e3o do programa de Compliance e LGPD da ACAERT, al\u00e9m da palestra sobre \u2018Digital\/Online\u2019, com Cristiano Stuani.<\/p>\n<p>Confira a programa\u00e7\u00e3o:<\/p>\n<p><img fetchpriority=\"high\" decoding=\"async\" class=\"wp-image-19248 aligncenter\" src=\"https:\/\/www.sertsc.org.br\/site\/wp-content\/uploads\/2023\/09\/6508b9a0a2984-300x156.jpg\" alt=\"\" width=\"779\" height=\"405\" \/><\/p>\n<p><img decoding=\"async\" class=\"wp-image-19247 aligncenter\" src=\"https:\/\/www.sertsc.org.br\/site\/wp-content\/uploads\/2023\/09\/6508b9aeb9e11-300x166.jpg\" alt=\"\" width=\"777\" height=\"430\" \/><\/p>\n<p>Fonte: Assessoria de Imprensa\/ACAERT<\/p>\n","protected":false},"excerpt":{"rendered":"<p>A ACAERT promove nesta ter\u00e7a(19) e quarta-feira (20) o 2\u00ba&hellip;<\/p>\n<p> <a class=\"more-link\" href=\"https:\/\/sertsc.org.br\/site\/encontro-de-opecs-comeca-nesta-terca-feira-19\/\">Leia mais<\/a><\/p>\n","protected":false},"author":1,"featured_media":19249,"comment_status":"open","ping_status":"open","sticky":false,"template":"","format":"standard","meta":{"footnotes":""},"categories":[33,3],"tags":[],"class_list":{"0":"post-19246","1":"post","2":"type-post","3":"status-publish","4":"format-standard","5":"has-post-thumbnail","7":"category-destaques","8":"category-noticias"},"_links":{"self":[{"href":"https:\/\/sertsc.org.br\/site\/wp-json\/wp\/v2\/posts\/19246","targetHints":{"allow":["GET"]}}],"collection":[{"href":"https:\/\/sertsc.org.br\/site\/wp-json\/wp\/v2\/posts"}],"about":[{"href":"https:\/\/sertsc.org.br\/site\/wp-json\/wp\/v2\/types\/post"}],"author":[{"embeddable":true,"href":"https:\/\/sertsc.org.br\/site\/wp-json\/wp\/v2\/users\/1"}],"replies":[{"embeddable":true,"href":"https:\/\/sertsc.org.br\/site\/wp-json\/wp\/v2\/comments?post=19246"}],"version-history":[{"count":0,"href":"https:\/\/sertsc.org.br\/site\/wp-json\/wp\/v2\/posts\/19246\/revisions"}],"wp:featuredmedia":[{"embeddable":true,"href":"https:\/\/sertsc.org.br\/site\/wp-json\/"}],"wp:attachment":[{"href":"https:\/\/sertsc.org.br\/site\/wp-json\/wp\/v2\/media?parent=19246"}],"wp:term":[{"taxonomy":"category","embeddable":true,"href":"https:\/\/sertsc.org.br\/site\/wp-json\/wp\/v2\/categories?post=19246"},{"taxonomy":"post_tag","embeddable":true,"href":"https:\/\/sertsc.org.br\/site\/wp-json\/wp\/v2\/tags?post=19246"}],"curies":[{"name":"wp","href":"https:\/\/api.w.org\/{rel}","templated":true}]}}