{"id":19244,"date":"2023-09-14T10:23:07","date_gmt":"2023-09-14T13:23:07","guid":{"rendered":"https:\/\/www.sertsc.org.br\/site\/?p=19244"},"modified":"2023-09-14T10:23:07","modified_gmt":"2023-09-14T13:23:07","slug":"5g-liberacao-da-faixa-de-35-ghz-ultrapassa-marca-de-2-mil-municipios","status":"publish","type":"post","link":"https:\/\/sertsc.org.br\/site\/5g-liberacao-da-faixa-de-35-ghz-ultrapassa-marca-de-2-mil-municipios\/","title":{"rendered":"5G: Libera\u00e7\u00e3o da faixa de 3,5 GHz ultrapassa marca de 2 mil munic\u00edpios"},"content":{"rendered":"<p>O Grupo de Acompanhamento da Implanta\u00e7\u00e3o das Solu\u00e7\u00f5es para os Problemas de Interfer\u00eancia na faixa de 3.625 a 3.700 MHz (Gaispi) aprovou nesta quarta-feira, 13, a libera\u00e7\u00e3o da faixa de 3,5 GHz para o 5G em mais 212 munic\u00edpios. Com a nova libera\u00e7\u00e3o, o n\u00famero de cidades aptas chega a 2.024. A libera\u00e7\u00e3o da faixa n\u00e3o significa que a rede 5G j\u00e1 est\u00e1 dispon\u00edvel nos novos locais, mas sim que as operadoras j\u00e1 podem requerer o in\u00edcio do servi\u00e7o. O tempo de disponibilidade do acesso depende agora das pr\u00f3prias prestadoras.<\/p>\n<p>Os novos munic\u00edpios est\u00e3o localizados em seis estados, sendo:<\/p>\n<p>ES: 5<\/p>\n<p>MG: 14<\/p>\n<p>PR: 110<\/p>\n<p>RJ: 18<\/p>\n<p>RS: 55<\/p>\n<p>SC: 10<\/p>\n<p>Cronograma antecipado<\/p>\n<p>A Entidade Administradora da Faixa de 3,5 GHz (EAF) \u2013 Siga Antenado \u2013 afirma que j\u00e1 antecipou em mais de dois anos a desocupa\u00e7\u00e3o das 1.482 esta\u00e7\u00f5es satelitais profissionais cadastradas junto \u00e0 Anatel. Ainda de acordo com a Siga Antenado, a instala\u00e7\u00e3o de filtros de frequ\u00eancia para prote\u00e7\u00e3o de poss\u00edveis interfer\u00eancias na faixa de 3,5 GHz est\u00e1 em 87% do total, somando 16.782 instala\u00e7\u00f5es.<\/p>\n<p>O presidente do Gaispi, conselho Mois\u00e9s Moreira, afirma que, para o 5G, ainda n\u00e3o se fala em antecipa\u00e7\u00e3o de universaliza\u00e7\u00e3o at\u00e9 2026 \u2013 ao contr\u00e1rio do 4G, rede que o grupo n\u00e3o tem ger\u00eancia, e para a qual est\u00e1 em discuss\u00e3o meios de acelerar o processo.<\/p>\n<p>Parab\u00f3lica digital<\/p>\n<p>Mapeamento digital encomendado pelo Siga Antenado apontou expectativa de entregar 5,5 milh\u00f5es de kits de instala\u00e7\u00e3o da parab\u00f3lica, ante os 10 milh\u00f5es que constavam na base do Cad\u00danico, inicialmente. O n\u00famero de distribui\u00e7\u00f5es chegou \u00e0 marca de 1 milh\u00e3o no in\u00edcio de setembro, com previs\u00e3o de entregar cerca de 100 mil at\u00e9 o final deste m\u00eas.<\/p>\n<p>A troca dos equipamentos \u00e9 necess\u00e1ria porque o sinal das parab\u00f3licas comuns, em banda C, vai desaparecer do pa\u00eds em 2026 para dar lugar ao 5G. A partir de ent\u00e3o, quem for espectador de TV aberta transmitida por sat\u00e9lite n\u00e3o conseguir\u00e1 mais captar o sinal dos canais, a menos que tenha a parab\u00f3lica digital que sintoniza a banda Ku.<\/p>\n<p>No final de julho, o Gaispi prorrogou at\u00e9 dezembro de 2024 as transmiss\u00f5es simult\u00e2neas de TV aberta via sat\u00e9lite (TVRO) em banda C e banda Ku. Conforme o edital do leil\u00e3o 5G, as transmiss\u00f5es simult\u00e2neas aconteceriam at\u00e9 30 de junho \u00faltimo \u2013 mas poderiam ser prorrogadas.<\/p>\n<p>Munic\u00edpios em SC:<\/p>\n<p>Entre Rios<\/p>\n<p>Jardin\u00f3polis<\/p>\n<p>Nova Erechim<\/p>\n<p>Pinhalzinho<\/p>\n<p>Quilombo<\/p>\n<p>S\u00e3o Carlos<\/p>\n<p>Saudades<\/p>\n<p>Serra Alta<\/p>\n<p>Sul Brasil<\/p>\n<p>Uni\u00e3o do Oeste<\/p>\n<p><img fetchpriority=\"high\" decoding=\"async\" class=\"wp-image-18530 aligncenter\" src=\"https:\/\/www.sertsc.org.br\/site\/wp-content\/uploads\/2022\/10\/Aniversario-Email-22-2-300x200.png\" alt=\"\" width=\"473\" height=\"315\" \/><\/p>\n<p>Com informa\u00e7\u00f5es: Tele.S\u00edntese e ACAERT.<\/p>\n<p>&nbsp;<\/p>\n","protected":false},"excerpt":{"rendered":"<p>O Grupo de Acompanhamento da Implanta\u00e7\u00e3o das Solu\u00e7\u00f5es para os&hellip;<\/p>\n<p> <a class=\"more-link\" href=\"https:\/\/sertsc.org.br\/site\/5g-liberacao-da-faixa-de-35-ghz-ultrapassa-marca-de-2-mil-municipios\/\">Leia mais<\/a><\/p>\n","protected":false},"author":1,"featured_media":18750,"comment_status":"open","ping_status":"open","sticky":false,"template":"","format":"standard","meta":{"footnotes":""},"categories":[33,3],"tags":[],"class_list":{"0":"post-19244","1":"post","2":"type-post","3":"status-publish","4":"format-standard","5":"has-post-thumbnail","7":"category-destaques","8":"category-noticias"},"_links":{"self":[{"href":"https:\/\/sertsc.org.br\/site\/wp-json\/wp\/v2\/posts\/19244","targetHints":{"allow":["GET"]}}],"collection":[{"href":"https:\/\/sertsc.org.br\/site\/wp-json\/wp\/v2\/posts"}],"about":[{"href":"https:\/\/sertsc.org.br\/site\/wp-json\/wp\/v2\/types\/post"}],"author":[{"embeddable":true,"href":"https:\/\/sertsc.org.br\/site\/wp-json\/wp\/v2\/users\/1"}],"replies":[{"embeddable":true,"href":"https:\/\/sertsc.org.br\/site\/wp-json\/wp\/v2\/comments?post=19244"}],"version-history":[{"count":0,"href":"https:\/\/sertsc.org.br\/site\/wp-json\/wp\/v2\/posts\/19244\/revisions"}],"wp:featuredmedia":[{"embeddable":true,"href":"https:\/\/sertsc.org.br\/site\/wp-json\/"}],"wp:attachment":[{"href":"https:\/\/sertsc.org.br\/site\/wp-json\/wp\/v2\/media?parent=19244"}],"wp:term":[{"taxonomy":"category","embeddable":true,"href":"https:\/\/sertsc.org.br\/site\/wp-json\/wp\/v2\/categories?post=19244"},{"taxonomy":"post_tag","embeddable":true,"href":"https:\/\/sertsc.org.br\/site\/wp-json\/wp\/v2\/tags?post=19244"}],"curies":[{"name":"wp","href":"https:\/\/api.w.org\/{rel}","templated":true}]}}