{"id":19229,"date":"2023-09-08T08:33:34","date_gmt":"2023-09-08T11:33:34","guid":{"rendered":"https:\/\/www.sertsc.org.br\/site\/?p=19229"},"modified":"2023-09-08T08:33:34","modified_gmt":"2023-09-08T11:33:34","slug":"antenas-de-conexao-banda-larga-chegam-ao-rio-grande-do-sul","status":"publish","type":"post","link":"https:\/\/sertsc.org.br\/site\/antenas-de-conexao-banda-larga-chegam-ao-rio-grande-do-sul\/","title":{"rendered":"Antenas de conex\u00e3o banda larga chegam ao Rio Grande do Sul"},"content":{"rendered":"<p>As antenas de conex\u00e3o banda larga via sat\u00e9lite enviadas pelo Minist\u00e9rio das Comunica\u00e7\u00f5es (MCom) e pela Telebras j\u00e1 chegaram ao Rio Grande do Sul. S\u00e3o 13 terminais satelitais transport\u00e1veis que v\u00e3o restabelecer as comunica\u00e7\u00f5es em locais afetados pelas intensas chuvas que atingiram o Rio Grande do Sul esta semana. Os equipamentos partiram de Bras\u00edlia (DF) e chegaram a Canoas (RS) na madrugada desta quinta-feira (7), transportados em aeronaves da For\u00e7a A\u00e9rea Brasileira (FAB).<\/p>\n<p>Cada antena oferece acesso \u00e0 internet na velocidade de 40Mbps de download e 4Mbps de upload. As equipes da Telebras e Viasat est\u00e3o contando com apoio do Corpo de Bombeiros Militar do Rio Grande do Sul (CBMRS), que far\u00e3o o transporte das antenas para o centro de comando da Defesa Civil Estadual.<\/p>\n<p>\u201cEm parceria com outros minist\u00e9rios e \u00f3rg\u00e3os da Defesa Civil Nacional, Minist\u00e9rio das Comunica\u00e7\u00f5es j\u00e1 est\u00e1 atuando junto \u00e0s entidades vinculadas, \u00e0s operadoras de rede m\u00f3vel e de rede fixa, e \u00e0s provedoras de Internet para viabilizar a conectividade para as equipes de apoio humanit\u00e1rio e para pessoas atingidas\u201d, garantiu o ministro das Comunica\u00e7\u00f5es, Juscelino Filho.<\/p>\n<p>O ministro destaca tamb\u00e9m que a a\u00e7\u00e3o imediata do MCom, da Telebras e da Ag\u00eancia Nacional de Telecomunica\u00e7\u00f5es (Anatel), bem como de outros minist\u00e9rios e \u00f3rg\u00e3os, foi uma determina\u00e7\u00e3o do presidente da Rep\u00fablica, Luiz In\u00e1cio Lula da Silva. Como parte desses esfor\u00e7os, o MCom tamb\u00e9m montou um grupo de crise, em car\u00e1ter emergencial, para acompanhamento da situa\u00e7\u00e3o dos locais afetados pelos desastres naturais na Regi\u00e3o Sul.<\/p>\n<p>O comit\u00ea vai emitir boletins di\u00e1rios sobre a situa\u00e7\u00e3o dos locais afetados e atendidos pelo Governo Federal, com base nos quais ser\u00e3o planejadas e executadas as pr\u00f3ximas medidas. \u201cN\u00e3o iremos descansar enquanto n\u00e3o estiver assegurada a volta \u00e0 normalidade em toda a regi\u00e3o que foi e est\u00e1 sendo afetada pelas fortes chuvas\u201d, afirmou Juscelino Filho. O presidente da Telebras, Fred Siqueira Filho, assegura que, da mesma maneira, a estatal &#8220;est\u00e1 sempre pronta para contribuir nas a\u00e7\u00f5es emergenciais e sociais com agilidade e prontid\u00e3o&#8221;.<\/p>\n<p><img fetchpriority=\"high\" decoding=\"async\" class=\"wp-image-18747 aligncenter\" src=\"https:\/\/www.sertsc.org.br\/site\/wp-content\/uploads\/2022\/12\/Copia-de-Niver-Email-1-300x200.png\" alt=\"\" width=\"495\" height=\"330\" \/><\/p>\n<p>Fonte: Minist\u00e9rio das Comunica\u00e7\u00f5es<\/p>\n","protected":false},"excerpt":{"rendered":"<p>As antenas de conex\u00e3o banda larga via sat\u00e9lite enviadas pelo&hellip;<\/p>\n<p> <a class=\"more-link\" href=\"https:\/\/sertsc.org.br\/site\/antenas-de-conexao-banda-larga-chegam-ao-rio-grande-do-sul\/\">Leia mais<\/a><\/p>\n","protected":false},"author":1,"featured_media":18747,"comment_status":"open","ping_status":"open","sticky":false,"template":"","format":"standard","meta":{"footnotes":""},"categories":[33,3],"tags":[],"class_list":{"0":"post-19229","1":"post","2":"type-post","3":"status-publish","4":"format-standard","5":"has-post-thumbnail","7":"category-destaques","8":"category-noticias"},"_links":{"self":[{"href":"https:\/\/sertsc.org.br\/site\/wp-json\/wp\/v2\/posts\/19229","targetHints":{"allow":["GET"]}}],"collection":[{"href":"https:\/\/sertsc.org.br\/site\/wp-json\/wp\/v2\/posts"}],"about":[{"href":"https:\/\/sertsc.org.br\/site\/wp-json\/wp\/v2\/types\/post"}],"author":[{"embeddable":true,"href":"https:\/\/sertsc.org.br\/site\/wp-json\/wp\/v2\/users\/1"}],"replies":[{"embeddable":true,"href":"https:\/\/sertsc.org.br\/site\/wp-json\/wp\/v2\/comments?post=19229"}],"version-history":[{"count":0,"href":"https:\/\/sertsc.org.br\/site\/wp-json\/wp\/v2\/posts\/19229\/revisions"}],"wp:featuredmedia":[{"embeddable":true,"href":"https:\/\/sertsc.org.br\/site\/wp-json\/"}],"wp:attachment":[{"href":"https:\/\/sertsc.org.br\/site\/wp-json\/wp\/v2\/media?parent=19229"}],"wp:term":[{"taxonomy":"category","embeddable":true,"href":"https:\/\/sertsc.org.br\/site\/wp-json\/wp\/v2\/categories?post=19229"},{"taxonomy":"post_tag","embeddable":true,"href":"https:\/\/sertsc.org.br\/site\/wp-json\/wp\/v2\/tags?post=19229"}],"curies":[{"name":"wp","href":"https:\/\/api.w.org\/{rel}","templated":true}]}}