{"id":19227,"date":"2023-09-06T15:57:23","date_gmt":"2023-09-06T18:57:23","guid":{"rendered":"https:\/\/www.sertsc.org.br\/site\/?p=19227"},"modified":"2023-09-06T15:57:23","modified_gmt":"2023-09-06T18:57:23","slug":"investimento-publicitario-no-radio-cresceu-no-primeiro-semestre-de-2023-em-comparacao-ao-mesmo-periodo-de-2022","status":"publish","type":"post","link":"https:\/\/sertsc.org.br\/site\/investimento-publicitario-no-radio-cresceu-no-primeiro-semestre-de-2023-em-comparacao-ao-mesmo-periodo-de-2022\/","title":{"rendered":"Investimento publicit\u00e1rio no r\u00e1dio cresceu no primeiro semestre de 2023 em compara\u00e7\u00e3o ao mesmo per\u00edodo de 2022"},"content":{"rendered":"<p>Investimento publicit\u00e1rio no r\u00e1dio cresceu no primeiro semestre de 2023 em compara\u00e7\u00e3o ao mesmo per\u00edodo de 2022<\/p>\n<p>O Cenp \u2013 F\u00f3rum da Autorregula\u00e7\u00e3o do Mercado Publicit\u00e1rio, divulgou o resultado do levantamento do sistema Cenp-Meios que totaliza metadados referentes as compras de m\u00eddia realizadas e veiculadas por ag\u00eancias por ordem e conta de clientes-anunciantes. Segundo as informa\u00e7\u00f5es, o investimento publicit\u00e1rio no r\u00e1dio cresceu no primeiro semestre de 2023 quando comparado ao mesmo per\u00edodo do ano passado.<\/p>\n<p>O levantamento foi feito com 319 ag\u00eancias de publicidade, sendo 262 matrizes e 57 filiais, por meio de comunica\u00e7\u00e3o. No recorte feito apenas para o meio r\u00e1dio, a fatia do bolo publicit\u00e1rio ficou em 4% dos cerca de US$ 1,8 bilh\u00e3o investidos em publicidade de janeiro a junho deste ano.<\/p>\n<p>No ano passado, o mesmo per\u00edodo acumulou US$ 1,68 bilh\u00e3o e o r\u00e1dio ficou com 3,8% do total investido. Com isso, no primeiro semestre de 2023 o r\u00e1dio registrou investimentos de US$ 71,9 milh\u00f5es, enquanto no mesmo per\u00edodo do ano passado, o acumulado ficou em US$ 62,8.<\/p>\n<p>De acordo com a nota t\u00e9cnica do CEP, os valores s\u00e3o totalizados e agregados por per\u00edodo e meio (apresentados em ordem alfab\u00e9tica), n\u00e3o sendo recebidos quaisquer dados negociados individualmente em cada transa\u00e7\u00e3o. O investimento em m\u00eddia refere-se aos valores faturados. Para se obter o investimento total realizado pelos anunciantes basta acrescentar o valor referente ao desconto-padr\u00e3o (20%) multiplicando por 1,25.<\/p>\n<p>O Cenp-Meios \u00e9 um painel composto com dados do investimento em m\u00eddia das principais ag\u00eancias do pa\u00eds, com uma representatividade e robustez sem paralelo no mercado internacional (EUA e Europa). Em seu s\u00e9timo ano, \u00e9 acompanhado pelo CTMI \u2013 Comit\u00ea de M\u00e9tricas e Indicadores que re\u00fane especialistas e dirigentes representantes de Anunciantes, Ag\u00eancias e Meios, criado para apoiar tecnicamente o Conselho Superior das Normas-Padr\u00e3o, respons\u00e1vel pela implanta\u00e7\u00e3o do sistema e seus desdobramentos.<\/p>\n<p>O Cenp-Meios contou com a verifica\u00e7\u00e3o da KPMG para an\u00e1lise de integridade e seguran\u00e7a do sistema.<\/p>\n<p><img fetchpriority=\"high\" decoding=\"async\" class=\"wp-image-18841 aligncenter\" src=\"https:\/\/www.sertsc.org.br\/site\/wp-content\/uploads\/2023\/01\/Site-1-7-300x200.png\" alt=\"\" width=\"513\" height=\"342\" \/><\/p>\n<p>Fonte: Tudo R\u00e1dio.<\/p>\n<p>&nbsp;<\/p>\n","protected":false},"excerpt":{"rendered":"<p>Investimento publicit\u00e1rio no r\u00e1dio cresceu no primeiro semestre de 2023&hellip;<\/p>\n<p> <a class=\"more-link\" href=\"https:\/\/sertsc.org.br\/site\/investimento-publicitario-no-radio-cresceu-no-primeiro-semestre-de-2023-em-comparacao-ao-mesmo-periodo-de-2022\/\">Leia mais<\/a><\/p>\n","protected":false},"author":1,"featured_media":18841,"comment_status":"open","ping_status":"open","sticky":false,"template":"","format":"standard","meta":{"footnotes":""},"categories":[33,3],"tags":[],"class_list":{"0":"post-19227","1":"post","2":"type-post","3":"status-publish","4":"format-standard","5":"has-post-thumbnail","7":"category-destaques","8":"category-noticias"},"_links":{"self":[{"href":"https:\/\/sertsc.org.br\/site\/wp-json\/wp\/v2\/posts\/19227","targetHints":{"allow":["GET"]}}],"collection":[{"href":"https:\/\/sertsc.org.br\/site\/wp-json\/wp\/v2\/posts"}],"about":[{"href":"https:\/\/sertsc.org.br\/site\/wp-json\/wp\/v2\/types\/post"}],"author":[{"embeddable":true,"href":"https:\/\/sertsc.org.br\/site\/wp-json\/wp\/v2\/users\/1"}],"replies":[{"embeddable":true,"href":"https:\/\/sertsc.org.br\/site\/wp-json\/wp\/v2\/comments?post=19227"}],"version-history":[{"count":0,"href":"https:\/\/sertsc.org.br\/site\/wp-json\/wp\/v2\/posts\/19227\/revisions"}],"wp:featuredmedia":[{"embeddable":true,"href":"https:\/\/sertsc.org.br\/site\/wp-json\/"}],"wp:attachment":[{"href":"https:\/\/sertsc.org.br\/site\/wp-json\/wp\/v2\/media?parent=19227"}],"wp:term":[{"taxonomy":"category","embeddable":true,"href":"https:\/\/sertsc.org.br\/site\/wp-json\/wp\/v2\/categories?post=19227"},{"taxonomy":"post_tag","embeddable":true,"href":"https:\/\/sertsc.org.br\/site\/wp-json\/wp\/v2\/tags?post=19227"}],"curies":[{"name":"wp","href":"https:\/\/api.w.org\/{rel}","templated":true}]}}