{"id":19224,"date":"2023-08-31T13:50:48","date_gmt":"2023-08-31T16:50:48","guid":{"rendered":"https:\/\/www.sertsc.org.br\/site\/?p=19224"},"modified":"2023-08-31T13:50:48","modified_gmt":"2023-08-31T16:50:48","slug":"ministerio-das-comunicacoes-libera-outorgas-da-migracao-am-fm-em-dez-estados","status":"publish","type":"post","link":"https:\/\/sertsc.org.br\/site\/ministerio-das-comunicacoes-libera-outorgas-da-migracao-am-fm-em-dez-estados\/","title":{"rendered":"Minist\u00e9rio das Comunica\u00e7\u00f5es libera outorgas da migra\u00e7\u00e3o AM-FM em dez estados"},"content":{"rendered":"<p>O Minist\u00e9rio das Comunica\u00e7\u00f5es publicou no Di\u00e1rio Oficial da Uni\u00e3o (DOU) Extratos de Termo Aditivo de Adapta\u00e7\u00e3o de outorga de OM para FM para 10 estados e 25 cidades. Mais uma vez, S\u00e3o Paulo foi o estado que teve o maior n\u00famero de cidades beneficiadas, com oito. Algumas das concess\u00f5es j\u00e1 est\u00e3o em opera\u00e7\u00e3o no dial FM.<\/p>\n<p>As entidades respons\u00e1veis por transmitir a programa\u00e7\u00e3o nessas regi\u00f5es ser\u00e3o autorizadas a explorar o servi\u00e7o de radiodifus\u00e3o sonora em FM pelo per\u00edodo de dez anos, sem exclusividade. No entanto, as outorgas ainda est\u00e3o sujeitas \u00e0 delibera\u00e7\u00e3o do Congresso Nacional antes de serem oficializadas.<\/p>\n<p>Com essa iniciativa, espera-se fortalecer a oferta de conte\u00fado radiof\u00f4nico nas localidades contempladas, proporcionando maior diversidade de informa\u00e7\u00f5es e entretenimento para os moradores. As publica\u00e7\u00f5es dos extratos do Termo Aditivo de cara emissora foram feitas no desta semana.<\/p>\n<p><strong>Confira a lista das libera\u00e7\u00f5es abaixo:<\/strong><\/p>\n<p>S\u00e3o Paulo<\/p>\n<p>Osasco<br \/>\nR\u00e1dio Nova Difusora AM 1540 para FMe 79.9 &#8211; Classe A4<br \/>\n(Esta j\u00e1 migrou pro FM e agora em car\u00e1ter definitivo)<\/p>\n<p>Santa Isabel<br \/>\nR\u00e1dio Paulista (Deus \u00e9 Amor) AM 560 para FMe 82.3 &#8211; Classe E3<\/p>\n<p>Santo Andr\u00e9<br \/>\nR\u00e1dio Trianon AM 740 para FMe 80.3 &#8211; Classe A1<\/p>\n<p>S\u00e3o Jo\u00e3o da Boa Vista<br \/>\nR\u00e1dio Piratininga AM 970 para FM 105.9 &#8211; Classe B2<\/p>\n<p>Americana<br \/>\nR\u00e1dio Clube AM 580 para FMe 76.3 &#8211; Classe B1<\/p>\n<p>Itarar\u00e9<br \/>\nR\u00e1dio Clube AM 1550 para FM 105.1 &#8211; Classe C<br \/>\n(Esta j\u00e1 operando como afiliada da Jovem Pan FM e em definitivo)<\/p>\n<p>Santos<br \/>\nR\u00e1dio da Cidade AM 650 para FMe 76.9 &#8211; Classe A1<\/p>\n<p>S\u00e3o Manuel<br \/>\nR\u00e1dio Clube AM 1510 para FM 88.7 &#8211; Classe C<\/p>\n<p>Par\u00e1<\/p>\n<p>Alenquer<br \/>\nR\u00e1dio Ximango AM 750 para FM 96.5 &#8211; Classe B1<\/p>\n<p>Cear\u00e1<\/p>\n<p>Fortaleza<br \/>\nRede de Not\u00edcias (R\u00e1dio Iracema) AM 1300 para FM 89.3 &#8211; Classe A4<\/p>\n<p>Iguatu<br \/>\nR\u00e1dio Liberdade AM 870 para FM 90.7 &#8211; Classe B2<\/p>\n<p>Maracana\u00fa<br \/>\nR\u00e1dio Pitaguary AM 1340 para FMe 80.5 &#8211; Classe A4<\/p>\n<p>Bahia<\/p>\n<p>Valen\u00e7a<br \/>\nR\u00e1dio Clube AM 650 para FM 105.7 &#8211; Classe A2<\/p>\n<p>Minas Gerais<\/p>\n<p>Araguari<br \/>\nR\u00e1dio Onda Viva AM 1490 para FM 92.1 &#8211; Classe C<\/p>\n<p>Uberaba<br \/>\nR\u00e1dio Uberaba AM 670 para FM 89.9 &#8211; Classe B1<\/p>\n<p>Santa Catarina<\/p>\n<p>S\u00e3o Louren\u00e7o do Oeste<br \/>\nR\u00e1dio Doze de Maio AM 630 para FM 107.5 &#8211; Classe B2<\/p>\n<p>Xanxer\u00ea<br \/>\nR\u00e1dio Princesa AM 1130 para FM 98.5 &#8211; Classe A3<\/p>\n<p>Paran\u00e1<\/p>\n<p>Curitiba<br \/>\nR\u00e1dio Evangelizar AM 1060 para FMe ## &#8211; Classe ##<\/p>\n<p>Palotina<br \/>\nNova R\u00e1dio Cultura AM 1520 para FM 90.1 &#8211; Classe C<\/p>\n<p>Maranh\u00e3o<\/p>\n<p>S\u00e3o Lu\u00eds<br \/>\nR\u00e1dio Mirante AM 600 para FM 104.1 &#8211; Classe E3<\/p>\n<p>Colinas<br \/>\nR\u00e1dio Itapecuru AM 1480 para FM 100.3 &#8211; Classe A4<\/p>\n<p>Graja\u00fa<br \/>\nR\u00e1dio Verdes Vales AM 710 para FM 89.9 &#8211; Classe C<\/p>\n<p>Rio Grande do Sul<\/p>\n<p>Crissiumal<br \/>\nR\u00e1dio Metr\u00f3pole AM 1070 para FM 89.5 &#8211; Classe B2<\/p>\n<p>Bento Gon\u00e7alves<br \/>\nR\u00e1dio Difusora AM 890 para FM 97.3 &#8211; Classe A2<\/p>\n<p>Rond\u00f4nia<\/p>\n<p>Cacoal<br \/>\nR\u00e1dio Rond\u00f4nia AM 1470 para FM 101.7 &#8211; Classe C<\/p>\n<p><img fetchpriority=\"high\" decoding=\"async\" class=\"wp-image-18647 aligncenter\" src=\"https:\/\/www.sertsc.org.br\/site\/wp-content\/uploads\/2022\/11\/3-300x197.png\" alt=\"\" width=\"506\" height=\"332\" \/><\/p>\n<p>Com informa\u00e7\u00f5es do MCom, colabora\u00e7\u00e3o de Pedro Santana e Tudo R\u00e1dio.<\/p>\n","protected":false},"excerpt":{"rendered":"<p>O Minist\u00e9rio das Comunica\u00e7\u00f5es publicou no Di\u00e1rio Oficial da Uni\u00e3o&hellip;<\/p>\n<p> <a class=\"more-link\" href=\"https:\/\/sertsc.org.br\/site\/ministerio-das-comunicacoes-libera-outorgas-da-migracao-am-fm-em-dez-estados\/\">Leia mais<\/a><\/p>\n","protected":false},"author":1,"featured_media":18647,"comment_status":"open","ping_status":"open","sticky":false,"template":"","format":"standard","meta":{"footnotes":""},"categories":[33,3],"tags":[],"class_list":{"0":"post-19224","1":"post","2":"type-post","3":"status-publish","4":"format-standard","5":"has-post-thumbnail","7":"category-destaques","8":"category-noticias"},"_links":{"self":[{"href":"https:\/\/sertsc.org.br\/site\/wp-json\/wp\/v2\/posts\/19224","targetHints":{"allow":["GET"]}}],"collection":[{"href":"https:\/\/sertsc.org.br\/site\/wp-json\/wp\/v2\/posts"}],"about":[{"href":"https:\/\/sertsc.org.br\/site\/wp-json\/wp\/v2\/types\/post"}],"author":[{"embeddable":true,"href":"https:\/\/sertsc.org.br\/site\/wp-json\/wp\/v2\/users\/1"}],"replies":[{"embeddable":true,"href":"https:\/\/sertsc.org.br\/site\/wp-json\/wp\/v2\/comments?post=19224"}],"version-history":[{"count":0,"href":"https:\/\/sertsc.org.br\/site\/wp-json\/wp\/v2\/posts\/19224\/revisions"}],"wp:featuredmedia":[{"embeddable":true,"href":"https:\/\/sertsc.org.br\/site\/wp-json\/"}],"wp:attachment":[{"href":"https:\/\/sertsc.org.br\/site\/wp-json\/wp\/v2\/media?parent=19224"}],"wp:term":[{"taxonomy":"category","embeddable":true,"href":"https:\/\/sertsc.org.br\/site\/wp-json\/wp\/v2\/categories?post=19224"},{"taxonomy":"post_tag","embeddable":true,"href":"https:\/\/sertsc.org.br\/site\/wp-json\/wp\/v2\/tags?post=19224"}],"curies":[{"name":"wp","href":"https:\/\/api.w.org\/{rel}","templated":true}]}}