{"id":19220,"date":"2023-08-28T14:12:42","date_gmt":"2023-08-28T17:12:42","guid":{"rendered":"https:\/\/www.sertsc.org.br\/site\/?p=19220"},"modified":"2023-08-28T14:12:42","modified_gmt":"2023-08-28T17:12:42","slug":"anatel-divulga-faixa-de-frequencia-do-5g-para-mais-100-cidades","status":"publish","type":"post","link":"https:\/\/sertsc.org.br\/site\/anatel-divulga-faixa-de-frequencia-do-5g-para-mais-100-cidades\/","title":{"rendered":"Anatel divulga faixa de frequ\u00eancia do 5G para mais 100 cidades"},"content":{"rendered":"<p>A Anatel divulgou que, a partir da pr\u00f3xima segunda-feira (28), operadoras que adquiriram lotes na faixa de 3,5 GHz poder\u00e3o solicitar o licenciamento e ativa\u00e7\u00e3o de esta\u00e7\u00f5es de 5G em mais 100 cidades brasileiras. Com estas libera\u00e7\u00f5es, o Brasil alcan\u00e7a a marca de 1.812 munic\u00edpios nos quais foi liberada a utiliza\u00e7\u00e3o da faixa de 3,5 GHz por esta\u00e7\u00f5es do 5G standalone. O setor de r\u00e1dio tem total interesse na nova tecnologia e, por v\u00e1rios motivos, acompanha a sua implanta\u00e7\u00e3o.<\/p>\n<p>Segundo levantamento realizado pela Anatel, esses locais abrigam mais de 122 milh\u00f5es de brasileiros \u2013 quase 60% da popula\u00e7\u00e3o do pa\u00eds. Ainda de acordo com a Anatel, essa libera\u00e7\u00e3o da faixa n\u00e3o significa que redes do 5G ser\u00e3o instaladas de imediato nas localidades. A instala\u00e7\u00e3o antecipada de esta\u00e7\u00f5es de quinta gera\u00e7\u00e3o depende do planejamento individual de cada prestadora.<\/p>\n<p>\u201cA libera\u00e7\u00e3o da faixa do 5G \u00e9 uma das primeiras etapas desse trabalho cont\u00ednuo que o Governo Federal desenvolve, de norte a sul do pa\u00eds, para levar a quinta gera\u00e7\u00e3o de dados m\u00f3veis a todo brasileiro, a toda escola e unidade de sa\u00fade. Os compromissos das operadoras vencedoras do leil\u00e3o do 5G v\u00e3o at\u00e9 2030, mas seguimos trabalhando para adiantar esse prazo\u201d, afirma o ministro das Comunica\u00e7\u00f5es, Juscelino Filho.<\/p>\n<p>A Anatel disponibiliza o painel que o Grupo de Acompanhamento da Implanta\u00e7\u00e3o das Solu\u00e7\u00f5es para os Problemas de Interfer\u00eancia na faixa de 3.625 a 3.700 MHz (Gaispi) para eventuais d\u00favidas. H\u00e1 tamb\u00e9m informa\u00e7\u00f5es sobre os munic\u00edpios em que a faixa de 3,5 GHz j\u00e1 se encontra liberada e o planejamento aprovado para as pr\u00f3ximas libera\u00e7\u00f5es.<\/p>\n<p>5G interessa para o r\u00e1dio e para todos os setores econ\u00f4micos do pa\u00eds<\/p>\n<p>O 5G \u00e9 fundamental para a chamada &#8220;economia 4.0&#8221;, revolu\u00e7\u00e3o tecnol\u00f3gica que poder\u00e1 acelerar novos h\u00e1bitos de consumo de m\u00eddia em todo o planeta. O r\u00e1dio, que j\u00e1 experimenta um avan\u00e7o de seu alcance digital atrav\u00e9s de v\u00e1rias iniciativas on-line, impulsionadas pela maior oferta de conex\u00e3o por parte de ouvintes e tamb\u00e9m de dispositivos dispon\u00edveis (como smartphones e smart speakers), \u00e9 um grande interessado nesse processo.<\/p>\n<p>Para se ter uma ideia do crescimento da audi\u00e7\u00e3o digital de r\u00e1dio, segundo o \u00faltimo Inside Radio 2022, da Kantar IBOPE Media, o consumo de esta\u00e7\u00f5es on-line j\u00e1 atinge 7,4 milh\u00f5es de pessoas em 13 regi\u00f5es brasileiras, com um acr\u00e9scimo de 85% neste volume de consumo entre 2019 e 2022.<\/p>\n<p>Com alta velocidade, boa cobertura e baixa lat\u00eancia do 5G, usu\u00e1rios j\u00e1 cogitam at\u00e9 abandonar planos de banda larga e ficar apenas com a rede m\u00f3vel. Mas como isso afeta o r\u00e1dio? Esse cen\u00e1rio abre uma janela de oportunidades para o crescimento digital das emissoras, mas tamb\u00e9m traz desafios.<\/p>\n<p>Como empresas, o r\u00e1dio tamb\u00e9m pode experimentar benef\u00edcios operacionais atrav\u00e9s do avan\u00e7o da conectividade e novas formas de ganhos, como o crescimento do mercado program\u00e1tico atrav\u00e9s do \u00e1udio digital e o fortalecimento de iniciativas como o r\u00e1dio h\u00edbrido, que combina os pontos fortes da opera\u00e7\u00e3o via dial (FM\/AM) com streaming (e outros dados oferecidos pelas esta\u00e7\u00f5es).<\/p>\n<p>At\u00e9 onde \u00e9 poss\u00edvel enxergar, considerando o que temos hoje dispon\u00edvel ao grande p\u00fablico em larga escala, existe uma real possibilidade de crescimento r\u00e1pido da demanda por conte\u00fado digital atrav\u00e9s do 5G, especialmente \u00e1udio via streaming. E isso \u00e9 positivo para as emissoras, que j\u00e1 disponibilizam esse tipo de conte\u00fado, tendo como desafio tornar esse acesso de forma simples e r\u00e1pida para o usu\u00e1rio, similar \u00e0 l\u00f3gica do r\u00e1dio FM. Por ser um fluxo mais leve atualmente, a tend\u00eancia de crescimento do streaming das emissoras com um 5G mais presente e est\u00e1vel \u00e9 real, considerando a ampla oferta de smartphones de diferentes pre\u00e7os e marcas dispon\u00edveis no Brasil. A combina\u00e7\u00e3o de FM dispon\u00edvel nos aparelhos e conex\u00e3o de dados pode representar um futuro pr\u00f3ximo muito promissor para o conte\u00fado de r\u00e1dio.<\/p>\n<p><img fetchpriority=\"high\" decoding=\"async\" class=\"wp-image-18913 aligncenter\" src=\"https:\/\/www.sertsc.org.br\/site\/wp-content\/uploads\/2023\/02\/Site-1-1-300x200.png\" alt=\"\" width=\"497\" height=\"331\" \/><\/p>\n<p>Com informa\u00e7\u00f5es do Minist\u00e9rio das Comunica\u00e7\u00f5es e Tudo R\u00e1dio.<\/p>\n","protected":false},"excerpt":{"rendered":"<p>A Anatel divulgou que, a partir da pr\u00f3xima segunda-feira (28),&hellip;<\/p>\n<p> <a class=\"more-link\" href=\"https:\/\/sertsc.org.br\/site\/anatel-divulga-faixa-de-frequencia-do-5g-para-mais-100-cidades\/\">Leia mais<\/a><\/p>\n","protected":false},"author":1,"featured_media":18913,"comment_status":"open","ping_status":"open","sticky":false,"template":"","format":"standard","meta":{"footnotes":""},"categories":[33,3],"tags":[],"class_list":{"0":"post-19220","1":"post","2":"type-post","3":"status-publish","4":"format-standard","5":"has-post-thumbnail","7":"category-destaques","8":"category-noticias"},"_links":{"self":[{"href":"https:\/\/sertsc.org.br\/site\/wp-json\/wp\/v2\/posts\/19220","targetHints":{"allow":["GET"]}}],"collection":[{"href":"https:\/\/sertsc.org.br\/site\/wp-json\/wp\/v2\/posts"}],"about":[{"href":"https:\/\/sertsc.org.br\/site\/wp-json\/wp\/v2\/types\/post"}],"author":[{"embeddable":true,"href":"https:\/\/sertsc.org.br\/site\/wp-json\/wp\/v2\/users\/1"}],"replies":[{"embeddable":true,"href":"https:\/\/sertsc.org.br\/site\/wp-json\/wp\/v2\/comments?post=19220"}],"version-history":[{"count":0,"href":"https:\/\/sertsc.org.br\/site\/wp-json\/wp\/v2\/posts\/19220\/revisions"}],"wp:featuredmedia":[{"embeddable":true,"href":"https:\/\/sertsc.org.br\/site\/wp-json\/"}],"wp:attachment":[{"href":"https:\/\/sertsc.org.br\/site\/wp-json\/wp\/v2\/media?parent=19220"}],"wp:term":[{"taxonomy":"category","embeddable":true,"href":"https:\/\/sertsc.org.br\/site\/wp-json\/wp\/v2\/categories?post=19220"},{"taxonomy":"post_tag","embeddable":true,"href":"https:\/\/sertsc.org.br\/site\/wp-json\/wp\/v2\/tags?post=19220"}],"curies":[{"name":"wp","href":"https:\/\/api.w.org\/{rel}","templated":true}]}}