{"id":19214,"date":"2023-08-21T16:58:19","date_gmt":"2023-08-21T19:58:19","guid":{"rendered":"https:\/\/www.sertsc.org.br\/site\/?p=19214"},"modified":"2023-08-21T16:58:19","modified_gmt":"2023-08-21T19:58:19","slug":"na-franca-93-da-populacao-ouve-radio-todos-os-meses-o-digital-esta-avancando","status":"publish","type":"post","link":"https:\/\/sertsc.org.br\/site\/na-franca-93-da-populacao-ouve-radio-todos-os-meses-o-digital-esta-avancando\/","title":{"rendered":"Na Fran\u00e7a, 93% da popula\u00e7\u00e3o ouve r\u00e1dio todos os meses; o digital est\u00e1 avan\u00e7ando"},"content":{"rendered":"<p>O r\u00e1dio tem colecionado n\u00fameros expressivos em diferentes pa\u00edses, com alta em seu consumo. Na Fran\u00e7a, onde o meio \u00e9 monitorado pela M\u00e9diam\u00e9trie, as principais descobertas da medi\u00e7\u00e3o mais recente sobre o consumo de r\u00e1dio no pa\u00eds europeu s\u00e3o o crescimento no uso de dispositivos digitais para acompanhar o conte\u00fado das esta\u00e7\u00f5es e tamb\u00e9m um avan\u00e7o no alcance di\u00e1rio do r\u00e1dio na regi\u00e3o de Paris. No geral, mais de 93% da popula\u00e7\u00e3o francesa ouve r\u00e1dio todos os meses. Acompanhe os principais pontos:<\/p>\n<p>Em toda a Fran\u00e7a, diariamente o r\u00e1dio alcan\u00e7a 74% da popula\u00e7\u00e3o, totalizando mais de 39 milh\u00f5es de pessoas com 13 anos ou mais (dados do trimestre de abril a junho de 2023). Se considerarmos um alcance mais amplo, esse n\u00famero salta para 51,8 milh\u00f5es de pessoas, que ouvem r\u00e1dio em m\u00e9dia 18 dias por m\u00eas, independente do dispositivo utilizado (r\u00e1dio receptor tradicional em FM anal\u00f3gico, r\u00e1dio digital DAB+, streaming de \u00e1udio, entre outros).<\/p>\n<p>O tempo m\u00e9dio di\u00e1rio de escuta por ouvinte \u00e9 de 2 horas e 37 minutos.<\/p>\n<p>Avan\u00e7o no consumo digital conectado<\/p>\n<p>Outro dado importante est\u00e1 relacionado ao uso de plataformas digitais conectadas para acompanhar o conte\u00fado das emissoras, referente aos dados globais de janeiro a mar\u00e7o deste ano (sendo este o levantamento mais recente). Segundo a M\u00e9diam\u00e9trie, todos os dias, 9,3 milh\u00f5es de pessoas ouvem r\u00e1dio por meios digitais, (16,7% das pessoas com 13 anos ou mais), ou seja, 502 mil ouvintes a mais em 1 ano.<\/p>\n<p>Conforme a M\u00e9diam\u00e9trie, essa progress\u00e3o na audi\u00e7\u00e3o de r\u00e1dio em m\u00eddias digitais \u00e9 impulsionada pelo smartphone, sendo o principal dispositivo digital utilizado pelos franceses para ouvir r\u00e1dio, com 5,6 milh\u00f5es de seguidores di\u00e1rios. J\u00e1 as smart-speakers (caixas de som com intelig\u00eancia artificial) atraem 1,4 milh\u00e3o de ouvintes todos os dias, \u00e0 frente do uso de computadores para streaming das emissoras.<\/p>\n<p>Ouvir r\u00e1dio em m\u00eddia digital atrai especialmente o p\u00fablico entre 35 e 49 anos (22,4% todos os dias). E, no total, o tempo de audi\u00e7\u00e3o \u00e9 de 2h12 em m\u00e9dia por dia por ouvinte em meios digitais.<\/p>\n<p>A participa\u00e7\u00e3o dos meios digitais na escuta de r\u00e1dio est\u00e1 aumentando significativamente: agora representa 19,9% do volume total de escuta, em compara\u00e7\u00e3o com 18,6% no ano anterior.<\/p>\n<p>E em Paris?<\/p>\n<p>J\u00e1 no recorte sobre a regi\u00e3o \u00cele-de-France, onde fica Paris, a M\u00e9diam\u00e9trie apontou um crescimento di\u00e1rio do alcance de r\u00e1dio na compara\u00e7\u00e3o com anos anteriores. No levantamento mais recente (abril a junho), quase 6,7 milh\u00f5es de franceses escutam alguma emissora todos os dias, n\u00famero que era pouco acima de 6,4 milh\u00f5es no mesmo per\u00edodo em 2022.<\/p>\n<p>A maior composi\u00e7\u00e3o de audi\u00eancia e tamb\u00e9m de alcance est\u00e1 no grupo de r\u00e1dios consideradas &#8220;generalistas&#8221;, ou seja, equivalentes \u00e0s esta\u00e7\u00f5es de jornalismo no Brasil. A lideran\u00e7a \u00e9 da France Inter, r\u00e1dio p\u00fablica cujo alcance di\u00e1rio supera 1,3 milh\u00e3o de pessoas, superando a antiga l\u00edder no setor, a RTL.<\/p>\n<p>Entre as musicais nacionais, o maior alcance di\u00e1rio \u00e9 da Skyrock (rap\/hip hop\/R&amp;B), seguida pela NRJ (Pop CHR\/Electro) e a Nostalgie (classic hits). Se somarmos esse grupo (que s\u00e3o bandeiras de redes nacionais musicais) ao grupo considerado local (mas tamb\u00e9m musical), o r\u00e1dio de entretenimento\/musical det\u00e9m os maiores volumes de audi\u00eancia e alcance da regi\u00e3o de Paris.<\/p>\n<p>Qual a raz\u00e3o de olhar para l\u00e1 fora?<\/p>\n<p>O tudoradio.com costuma observar esses pontos de curiosidade dos n\u00fameros do r\u00e1dio internacional para mapear poss\u00edveis mudan\u00e7as de h\u00e1bitos e a manuten\u00e7\u00e3o do consumo de r\u00e1dio em diferentes pa\u00edses. Assim como ocorreu no ano anterior, periodicamente a reda\u00e7\u00e3o do portal ir\u00e1 monitorar o desempenho do r\u00e1dio nos principais mercados do mundo e, \u00e9 claro, fazendo sempre uma compara\u00e7\u00e3o com a situa\u00e7\u00e3o brasileira. E, como de costume, repercutindo tamb\u00e9m qualquer n\u00famero confi\u00e1vel sobre o consumo de r\u00e1dio no Brasil.<\/p>\n<p><img fetchpriority=\"high\" decoding=\"async\" class=\"wp-image-18999 aligncenter\" src=\"https:\/\/www.sertsc.org.br\/site\/wp-content\/uploads\/2023\/03\/Site-1-3-300x200.png\" alt=\"\" width=\"504\" height=\"336\" \/><\/p>\n<p>Fonte: Tudo R\u00e1dio.<\/p>\n","protected":false},"excerpt":{"rendered":"<p>O r\u00e1dio tem colecionado n\u00fameros expressivos em diferentes pa\u00edses, com&hellip;<\/p>\n<p> <a class=\"more-link\" href=\"https:\/\/sertsc.org.br\/site\/na-franca-93-da-populacao-ouve-radio-todos-os-meses-o-digital-esta-avancando\/\">Leia mais<\/a><\/p>\n","protected":false},"author":1,"featured_media":18999,"comment_status":"open","ping_status":"open","sticky":false,"template":"","format":"standard","meta":{"footnotes":""},"categories":[33,3],"tags":[],"class_list":{"0":"post-19214","1":"post","2":"type-post","3":"status-publish","4":"format-standard","5":"has-post-thumbnail","7":"category-destaques","8":"category-noticias"},"_links":{"self":[{"href":"https:\/\/sertsc.org.br\/site\/wp-json\/wp\/v2\/posts\/19214","targetHints":{"allow":["GET"]}}],"collection":[{"href":"https:\/\/sertsc.org.br\/site\/wp-json\/wp\/v2\/posts"}],"about":[{"href":"https:\/\/sertsc.org.br\/site\/wp-json\/wp\/v2\/types\/post"}],"author":[{"embeddable":true,"href":"https:\/\/sertsc.org.br\/site\/wp-json\/wp\/v2\/users\/1"}],"replies":[{"embeddable":true,"href":"https:\/\/sertsc.org.br\/site\/wp-json\/wp\/v2\/comments?post=19214"}],"version-history":[{"count":0,"href":"https:\/\/sertsc.org.br\/site\/wp-json\/wp\/v2\/posts\/19214\/revisions"}],"wp:featuredmedia":[{"embeddable":true,"href":"https:\/\/sertsc.org.br\/site\/wp-json\/"}],"wp:attachment":[{"href":"https:\/\/sertsc.org.br\/site\/wp-json\/wp\/v2\/media?parent=19214"}],"wp:term":[{"taxonomy":"category","embeddable":true,"href":"https:\/\/sertsc.org.br\/site\/wp-json\/wp\/v2\/categories?post=19214"},{"taxonomy":"post_tag","embeddable":true,"href":"https:\/\/sertsc.org.br\/site\/wp-json\/wp\/v2\/tags?post=19214"}],"curies":[{"name":"wp","href":"https:\/\/api.w.org\/{rel}","templated":true}]}}