{"id":18961,"date":"2023-03-16T16:12:18","date_gmt":"2023-03-16T19:12:18","guid":{"rendered":"https:\/\/www.sertsc.org.br\/site\/?p=18961"},"modified":"2023-03-16T16:12:18","modified_gmt":"2023-03-16T19:12:18","slug":"cct-2023-concluidas-as-negociacoes-entre-sert-sc-e-o-sindicato-do-norte-nordeste-de-sc","status":"publish","type":"post","link":"https:\/\/sertsc.org.br\/site\/cct-2023-concluidas-as-negociacoes-entre-sert-sc-e-o-sindicato-do-norte-nordeste-de-sc\/","title":{"rendered":"CCT 2023: Conclu\u00eddas as negocia\u00e7\u00f5es entre SERT\/SC e o Sindicato do Norte\/Nordeste de SC"},"content":{"rendered":"<p>Comunicamos que nesta quinta-feira (16) foram conclu\u00eddas as negocia\u00e7\u00f5es entre o Sindicato das Empresas de R\u00e1dio e Televis\u00e3o do Estado de Santa Catarina e o Sindicato dos Radialistas Profissionais e Empregados em Empresas de Radiodifus\u00e3o e Televis\u00e3o da\u00a0<span class=\"s1\">Regi\u00e3o Norte\/Nordeste do Estado de Santa Catarina <\/span>referentes \u00e0 Conven\u00e7\u00e3o Coletiva de Trabalho do exerc\u00edcio de 2023.<\/p>\n<p>No momento a CCT para o Norte\/Nordeste de SC encontra-se em tr\u00e2mites de registro e t\u00e3o logo esteja efetivamente registrada, ser\u00e1 postada no site do <strong>SERT\/SC.<\/strong><\/p>\n<p><strong>\u00a0<\/strong><\/p>\n<p>Humberto Ohf de Andrade<\/p>\n<p>Presidente SERT\/SC<\/p>\n<p>&nbsp;<\/p>\n","protected":false},"excerpt":{"rendered":"<p>Comunicamos que nesta quinta-feira (16) foram conclu\u00eddas as negocia\u00e7\u00f5es entre&hellip;<\/p>\n<p> <a class=\"more-link\" href=\"https:\/\/sertsc.org.br\/site\/cct-2023-concluidas-as-negociacoes-entre-sert-sc-e-o-sindicato-do-norte-nordeste-de-sc\/\">Leia mais<\/a><\/p>\n","protected":false},"author":1,"featured_media":18973,"comment_status":"open","ping_status":"open","sticky":false,"template":"","format":"standard","meta":{"footnotes":""},"categories":[33,3],"tags":[],"class_list":{"0":"post-18961","1":"post","2":"type-post","3":"status-publish","4":"format-standard","5":"has-post-thumbnail","7":"category-destaques","8":"category-noticias"},"_links":{"self":[{"href":"https:\/\/sertsc.org.br\/site\/wp-json\/wp\/v2\/posts\/18961","targetHints":{"allow":["GET"]}}],"collection":[{"href":"https:\/\/sertsc.org.br\/site\/wp-json\/wp\/v2\/posts"}],"about":[{"href":"https:\/\/sertsc.org.br\/site\/wp-json\/wp\/v2\/types\/post"}],"author":[{"embeddable":true,"href":"https:\/\/sertsc.org.br\/site\/wp-json\/wp\/v2\/users\/1"}],"replies":[{"embeddable":true,"href":"https:\/\/sertsc.org.br\/site\/wp-json\/wp\/v2\/comments?post=18961"}],"version-history":[{"count":0,"href":"https:\/\/sertsc.org.br\/site\/wp-json\/wp\/v2\/posts\/18961\/revisions"}],"wp:featuredmedia":[{"embeddable":true,"href":"https:\/\/sertsc.org.br\/site\/wp-json\/"}],"wp:attachment":[{"href":"https:\/\/sertsc.org.br\/site\/wp-json\/wp\/v2\/media?parent=18961"}],"wp:term":[{"taxonomy":"category","embeddable":true,"href":"https:\/\/sertsc.org.br\/site\/wp-json\/wp\/v2\/categories?post=18961"},{"taxonomy":"post_tag","embeddable":true,"href":"https:\/\/sertsc.org.br\/site\/wp-json\/wp\/v2\/tags?post=18961"}],"curies":[{"name":"wp","href":"https:\/\/api.w.org\/{rel}","templated":true}]}}