{"id":18955,"date":"2023-03-16T11:21:47","date_gmt":"2023-03-16T14:21:47","guid":{"rendered":"https:\/\/www.sertsc.org.br\/site\/?p=18955"},"modified":"2023-03-16T11:21:47","modified_gmt":"2023-03-16T14:21:47","slug":"setor-de-radiodifusao-propoe-medidas-para-combater-desinformacao-e-praticas-anticompetitivas-na-internet","status":"publish","type":"post","link":"https:\/\/sertsc.org.br\/site\/setor-de-radiodifusao-propoe-medidas-para-combater-desinformacao-e-praticas-anticompetitivas-na-internet\/","title":{"rendered":"Setor de radiodifus\u00e3o prop\u00f5e medidas para combater desinforma\u00e7\u00e3o e pr\u00e1ticas anticompetitivas na internet"},"content":{"rendered":"<p>A Associa\u00e7\u00e3o Brasileira de Emissoras de R\u00e1dio e Televis\u00e3o (Abert) divulgou, nesta quarta-feira (15), um conjunto de propostas e iniciativas destinadas \u00e0 regula\u00e7\u00e3o das plataformas digitais no pa\u00eds. Intitulado &#8220;Carta de Bras\u00edlia&#8221;, o documento foi elaborado durante o 1\u00ba Semin\u00e1rio sobre os Desafios e A\u00e7\u00f5es na Era Digital, evento promovido pela Abert em parceria com a Associa\u00e7\u00e3o Internacional de Radiodifus\u00e3o (AIR), realizado na capital federal. O principal objetivo das medidas apresentadas \u00e9 combater a dissemina\u00e7\u00e3o de desinforma\u00e7\u00e3o e pr\u00e1ticas anticompetitivas nas redes sociais.<\/p>\n<p>Fl\u00e1vio Lara Resende, presidente da Abert, argumenta que empresas de tecnologia e plataformas digitais necessitam de regras mais equilibradas. Ele enfatiza a import\u00e2ncia de responsabilizar as grandes companhias digitais pela desinforma\u00e7\u00e3o veiculada em suas plataformas, bem como pelos conte\u00fados publicit\u00e1rios e impulsionamentos realizados.<\/p>\n<p>Resende destaca a necessidade de responsabilizar as empresas e plataformas pelos conte\u00fados disseminados na internet, principalmente quando se trata de not\u00edcias falsas ou informa\u00e7\u00f5es impulsionadas eletronicamente com fins lucrativos. A propaga\u00e7\u00e3o de mentiras, ofensas e discurso de \u00f3dio nas plataformas, segundo o presidente da Abert, \u00e9 consequ\u00eancia da falta de responsabiliza\u00e7\u00e3o e supervis\u00e3o das atividades das companhias digitais.<\/p>\n<p>Al\u00e9m disso, a &#8220;Carta de Bras\u00edlia&#8221; defende a igualdade de tratamento entre plataformas digitais globais e m\u00eddias locais, bem como um tratamento equitativo no cumprimento das regras do mercado publicit\u00e1rio. A carta tamb\u00e9m reivindica remunera\u00e7\u00e3o justa aos ve\u00edculos de comunica\u00e7\u00e3o pelo conte\u00fado autoral distribu\u00eddo indiscriminadamente pelas plataformas.<\/p>\n<p>O presidente da Abert tamb\u00e9m lembra que pa\u00edses como Austr\u00e1lia, Fran\u00e7a e Canad\u00e1 j\u00e1 est\u00e3o mais avan\u00e7ados no debate sobre a cria\u00e7\u00e3o de um ambiente sim\u00e9trico no setor de m\u00eddia.<\/p>\n<p><img fetchpriority=\"high\" decoding=\"async\" class=\"wp-image-18956 aligncenter\" src=\"https:\/\/www.sertsc.org.br\/site\/wp-content\/uploads\/2023\/03\/Site-2-300x200.png\" alt=\"\" width=\"530\" height=\"353\" \/><\/p>\n<p>Com informa\u00e7\u00f5es da Tudo R\u00e1dio, ABERT e da Ag\u00eancia Brasil<\/p>\n","protected":false},"excerpt":{"rendered":"<p>A Associa\u00e7\u00e3o Brasileira de Emissoras de R\u00e1dio e Televis\u00e3o (Abert)&hellip;<\/p>\n<p> <a class=\"more-link\" href=\"https:\/\/sertsc.org.br\/site\/setor-de-radiodifusao-propoe-medidas-para-combater-desinformacao-e-praticas-anticompetitivas-na-internet\/\">Leia mais<\/a><\/p>\n","protected":false},"author":1,"featured_media":18956,"comment_status":"open","ping_status":"open","sticky":false,"template":"","format":"standard","meta":{"footnotes":""},"categories":[33,3],"tags":[],"class_list":{"0":"post-18955","1":"post","2":"type-post","3":"status-publish","4":"format-standard","5":"has-post-thumbnail","7":"category-destaques","8":"category-noticias"},"_links":{"self":[{"href":"https:\/\/sertsc.org.br\/site\/wp-json\/wp\/v2\/posts\/18955","targetHints":{"allow":["GET"]}}],"collection":[{"href":"https:\/\/sertsc.org.br\/site\/wp-json\/wp\/v2\/posts"}],"about":[{"href":"https:\/\/sertsc.org.br\/site\/wp-json\/wp\/v2\/types\/post"}],"author":[{"embeddable":true,"href":"https:\/\/sertsc.org.br\/site\/wp-json\/wp\/v2\/users\/1"}],"replies":[{"embeddable":true,"href":"https:\/\/sertsc.org.br\/site\/wp-json\/wp\/v2\/comments?post=18955"}],"version-history":[{"count":0,"href":"https:\/\/sertsc.org.br\/site\/wp-json\/wp\/v2\/posts\/18955\/revisions"}],"wp:featuredmedia":[{"embeddable":true,"href":"https:\/\/sertsc.org.br\/site\/wp-json\/"}],"wp:attachment":[{"href":"https:\/\/sertsc.org.br\/site\/wp-json\/wp\/v2\/media?parent=18955"}],"wp:term":[{"taxonomy":"category","embeddable":true,"href":"https:\/\/sertsc.org.br\/site\/wp-json\/wp\/v2\/categories?post=18955"},{"taxonomy":"post_tag","embeddable":true,"href":"https:\/\/sertsc.org.br\/site\/wp-json\/wp\/v2\/tags?post=18955"}],"curies":[{"name":"wp","href":"https:\/\/api.w.org\/{rel}","templated":true}]}}