{"id":18948,"date":"2023-03-14T16:24:08","date_gmt":"2023-03-14T19:24:08","guid":{"rendered":"https:\/\/www.sertsc.org.br\/site\/?p=18948"},"modified":"2023-03-14T16:24:08","modified_gmt":"2023-03-14T19:24:08","slug":"sert-sc-prestigia-a-posse-da-nova-diretoria-da-acaert","status":"publish","type":"post","link":"https:\/\/sertsc.org.br\/site\/sert-sc-prestigia-a-posse-da-nova-diretoria-da-acaert\/","title":{"rendered":"SERT\/SC prestigia a posse da nova diretoria da ACAERT"},"content":{"rendered":"<p>O presidente do Sindicato das Empresas de R\u00e1dio e Televis\u00e3o de Santa Catarina, Humberto Ohf de Andrade, compareceu \u00e0 posse da Diretoria da ACAERT para a Gest\u00e3o 2023\/205 nesta segunda-feira, 13 de mar\u00e7o. O radiodifusor F\u00e1bio Bigolin, da R\u00e1dio Clube, de S\u00e3o Domingos, foi empossado como o 13\u00ba presidente da entidade. Ele sucede a Silvano Silva, executivo do Grupo ND, que passa a integrar o Conselho Superior da associa\u00e7\u00e3o.<\/p>\n<p>A cerim\u00f4nia contou com o prest\u00edgio do governador de Santa Catarina, Jorginho Mello, presidente da Assembleia Legislativa, deputado Mauro de Nadal, presidente do TCE\/SC, conselheiro Herneus de Nadal, secret\u00e1rio de Estado de Comunica\u00e7\u00e3o, Jo\u00e3o Debiasi, presidente interino do TJSC, desembargador Altamiro de Oliveira, subprocurador do MPSC, Luciano Naschenweng, al\u00e9m de parlamentares, presidentes de entidades, autarquias e empresas p\u00fablicas, secret\u00e1rios de Estado, prefeitos e radiodifusores.<\/p>\n<p><img fetchpriority=\"high\" decoding=\"async\" class=\"wp-image-18949 aligncenter\" src=\"https:\/\/www.sertsc.org.br\/site\/wp-content\/uploads\/2023\/03\/640fbddcd3930-300x200.jpg\" alt=\"\" width=\"521\" height=\"347\" \/><\/p>\n<p>Fonte: ACAERT.<\/p>\n","protected":false},"excerpt":{"rendered":"<p>O presidente do Sindicato das Empresas de R\u00e1dio e Televis\u00e3o&hellip;<\/p>\n<p> <a class=\"more-link\" href=\"https:\/\/sertsc.org.br\/site\/sert-sc-prestigia-a-posse-da-nova-diretoria-da-acaert\/\">Leia mais<\/a><\/p>\n","protected":false},"author":1,"featured_media":18949,"comment_status":"open","ping_status":"open","sticky":false,"template":"","format":"standard","meta":{"footnotes":""},"categories":[33,3],"tags":[],"class_list":{"0":"post-18948","1":"post","2":"type-post","3":"status-publish","4":"format-standard","5":"has-post-thumbnail","7":"category-destaques","8":"category-noticias"},"_links":{"self":[{"href":"https:\/\/sertsc.org.br\/site\/wp-json\/wp\/v2\/posts\/18948","targetHints":{"allow":["GET"]}}],"collection":[{"href":"https:\/\/sertsc.org.br\/site\/wp-json\/wp\/v2\/posts"}],"about":[{"href":"https:\/\/sertsc.org.br\/site\/wp-json\/wp\/v2\/types\/post"}],"author":[{"embeddable":true,"href":"https:\/\/sertsc.org.br\/site\/wp-json\/wp\/v2\/users\/1"}],"replies":[{"embeddable":true,"href":"https:\/\/sertsc.org.br\/site\/wp-json\/wp\/v2\/comments?post=18948"}],"version-history":[{"count":0,"href":"https:\/\/sertsc.org.br\/site\/wp-json\/wp\/v2\/posts\/18948\/revisions"}],"wp:featuredmedia":[{"embeddable":true,"href":"https:\/\/sertsc.org.br\/site\/wp-json\/"}],"wp:attachment":[{"href":"https:\/\/sertsc.org.br\/site\/wp-json\/wp\/v2\/media?parent=18948"}],"wp:term":[{"taxonomy":"category","embeddable":true,"href":"https:\/\/sertsc.org.br\/site\/wp-json\/wp\/v2\/categories?post=18948"},{"taxonomy":"post_tag","embeddable":true,"href":"https:\/\/sertsc.org.br\/site\/wp-json\/wp\/v2\/tags?post=18948"}],"curies":[{"name":"wp","href":"https:\/\/api.w.org\/{rel}","templated":true}]}}