{"id":18938,"date":"2023-03-08T15:45:16","date_gmt":"2023-03-08T18:45:16","guid":{"rendered":"https:\/\/www.sertsc.org.br\/site\/?p=18938"},"modified":"2023-03-08T15:45:16","modified_gmt":"2023-03-08T18:45:16","slug":"registrada-a-convencao-coletiva-de-trabalho-2023","status":"publish","type":"post","link":"https:\/\/sertsc.org.br\/site\/registrada-a-convencao-coletiva-de-trabalho-2023\/","title":{"rendered":"Registrada a Conven\u00e7\u00e3o Coletiva de Trabalho 2023"},"content":{"rendered":"<p>O SERT\/SC comunica que a Conven\u00e7\u00e3o Coletiva de Trabalho 2023 (CCT 2023), conclu\u00edda ap\u00f3s negocia\u00e7\u00e3o com o Sindicato dos Radialistas Profissionais e dos Trabalhadores em Empresas de Santa Catarina \u2013 SINDIR\u00c1DIO\/SC, foi registrada junto \u00e0 Se\u00e7\u00e3o de Rela\u00e7\u00f5es de Trabalho da Superintend\u00eancia Regional do Trabalho e Emprego\/SC.<\/p>\n<p>A CCT 2023 segue anexa. <a href=\"https:\/\/www.sertsc.org.br\/site\/wp-content\/uploads\/2023\/03\/CCT-2023-SC.pdf\">CCT 2023 SC<\/a><\/p>\n<p>Importante destacar que os empregados das Emissoras de R\u00e1dio e Televis\u00e3o do Estado de Santa Catarina, com abrang\u00eancia territorial em Itai\u00f3polis\/SC, Jaragu\u00e1 do Sul\/SC, Joinville\/SC, Mafra\/SC, Major Vieira\/SC, Porto Uni\u00e3o\/SC, Rio Negrinho\/SC, S\u00e3o Bento do Sul\/SC e S\u00e3o Francisco do Sul\/SC s\u00e3o vinculados ao Sindicato dos Radialistas Profissionais e Empregados em Empresas de Radiodifus\u00e3o e Televis\u00e3o da Regi\u00e3o Norte\/Nordeste do Estado de Santa Catarina. O SERT\/SC inicia rodada de negocia\u00e7\u00f5es com o Sindicato dos Radialistas Norte\/Nordeste de SC na pr\u00f3xima segunda-feira.<\/p>\n<p>Acompanhe atualiza\u00e7\u00f5es no nosso site.<\/p>\n","protected":false},"excerpt":{"rendered":"<p>O SERT\/SC comunica que a Conven\u00e7\u00e3o Coletiva de Trabalho 2023&hellip;<\/p>\n<p> <a class=\"more-link\" href=\"https:\/\/sertsc.org.br\/site\/registrada-a-convencao-coletiva-de-trabalho-2023\/\">Leia mais<\/a><\/p>\n","protected":false},"author":1,"featured_media":18940,"comment_status":"open","ping_status":"open","sticky":false,"template":"","format":"standard","meta":{"footnotes":""},"categories":[33,3],"tags":[],"class_list":{"0":"post-18938","1":"post","2":"type-post","3":"status-publish","4":"format-standard","5":"has-post-thumbnail","7":"category-destaques","8":"category-noticias"},"_links":{"self":[{"href":"https:\/\/sertsc.org.br\/site\/wp-json\/wp\/v2\/posts\/18938","targetHints":{"allow":["GET"]}}],"collection":[{"href":"https:\/\/sertsc.org.br\/site\/wp-json\/wp\/v2\/posts"}],"about":[{"href":"https:\/\/sertsc.org.br\/site\/wp-json\/wp\/v2\/types\/post"}],"author":[{"embeddable":true,"href":"https:\/\/sertsc.org.br\/site\/wp-json\/wp\/v2\/users\/1"}],"replies":[{"embeddable":true,"href":"https:\/\/sertsc.org.br\/site\/wp-json\/wp\/v2\/comments?post=18938"}],"version-history":[{"count":0,"href":"https:\/\/sertsc.org.br\/site\/wp-json\/wp\/v2\/posts\/18938\/revisions"}],"wp:featuredmedia":[{"embeddable":true,"href":"https:\/\/sertsc.org.br\/site\/wp-json\/"}],"wp:attachment":[{"href":"https:\/\/sertsc.org.br\/site\/wp-json\/wp\/v2\/media?parent=18938"}],"wp:term":[{"taxonomy":"category","embeddable":true,"href":"https:\/\/sertsc.org.br\/site\/wp-json\/wp\/v2\/categories?post=18938"},{"taxonomy":"post_tag","embeddable":true,"href":"https:\/\/sertsc.org.br\/site\/wp-json\/wp\/v2\/tags?post=18938"}],"curies":[{"name":"wp","href":"https:\/\/api.w.org\/{rel}","templated":true}]}}