{"id":18931,"date":"2023-03-06T15:55:12","date_gmt":"2023-03-06T18:55:12","guid":{"rendered":"https:\/\/www.sertsc.org.br\/site\/?p=18931"},"modified":"2023-03-06T15:55:12","modified_gmt":"2023-03-06T18:55:12","slug":"encontro-regional-sert-sc-e-acaert-em-canoinhas","status":"publish","type":"post","link":"https:\/\/sertsc.org.br\/site\/encontro-regional-sert-sc-e-acaert-em-canoinhas\/","title":{"rendered":"Encontro Regional SERT\/SC e ACAERT em Canoinhas"},"content":{"rendered":"<p>Dia 02 de mar\u00e7o aconteceu o primeiro ENCONTRO REGIONAL deste ano na cidade de Canoinhas. Estavam presentes os radiodifusores da regi\u00e3o, a equipe da ACAERT e a equipe do SERT.<\/p>\n<p>Primeiramente ocorreu a apresenta\u00e7\u00e3o da ACAERT, com explana\u00e7\u00f5es referentes a projetos em andamento e direcionamentos sobre a melhor condu\u00e7\u00e3o dos conv\u00eanios. Posteriormente aconteceram os workshops de vendas e sobre LGPD, ministrados respectivamente por Kelly Costa (gerente executiva do SERT) e Dr. Marcos Ant\u00f4nio Silveira (Assessor Jur\u00eddico do SERT).<\/p>\n<p>O presidente do SERT\/SC, Humberto Ohf de Andrade, avaliou que \u201cfoi um encontro que mostrou o valor da parceria entre as institui\u00e7\u00f5es (SERT e ACAERT) e propiciou uma troca importante de informa\u00e7\u00f5es e conhecimento\u201d.<\/p>\n<p>O pr\u00f3ximo Encontro Regional ser\u00e1 no Planalto Serrano no final de mar\u00e7o. A equipe do SERT j\u00e1 est\u00e1 de malas prontas para rever mais amigos e fortalecer o associativismo t\u00e3o importante para fomentar o setor da radiodifus\u00e3o.<\/p>\n<p><img fetchpriority=\"high\" decoding=\"async\" class=\"wp-image-18932 aligncenter\" src=\"https:\/\/www.sertsc.org.br\/site\/wp-content\/uploads\/2023\/03\/640121edf1bc3-300x200.jpg\" alt=\"\" width=\"485\" height=\"323\" \/><\/p>\n","protected":false},"excerpt":{"rendered":"<p>Dia 02 de mar\u00e7o aconteceu o primeiro ENCONTRO REGIONAL deste&hellip;<\/p>\n<p> <a class=\"more-link\" href=\"https:\/\/sertsc.org.br\/site\/encontro-regional-sert-sc-e-acaert-em-canoinhas\/\">Leia mais<\/a><\/p>\n","protected":false},"author":1,"featured_media":18932,"comment_status":"open","ping_status":"open","sticky":false,"template":"","format":"standard","meta":{"footnotes":""},"categories":[33,3],"tags":[],"class_list":{"0":"post-18931","1":"post","2":"type-post","3":"status-publish","4":"format-standard","5":"has-post-thumbnail","7":"category-destaques","8":"category-noticias"},"_links":{"self":[{"href":"https:\/\/sertsc.org.br\/site\/wp-json\/wp\/v2\/posts\/18931","targetHints":{"allow":["GET"]}}],"collection":[{"href":"https:\/\/sertsc.org.br\/site\/wp-json\/wp\/v2\/posts"}],"about":[{"href":"https:\/\/sertsc.org.br\/site\/wp-json\/wp\/v2\/types\/post"}],"author":[{"embeddable":true,"href":"https:\/\/sertsc.org.br\/site\/wp-json\/wp\/v2\/users\/1"}],"replies":[{"embeddable":true,"href":"https:\/\/sertsc.org.br\/site\/wp-json\/wp\/v2\/comments?post=18931"}],"version-history":[{"count":0,"href":"https:\/\/sertsc.org.br\/site\/wp-json\/wp\/v2\/posts\/18931\/revisions"}],"wp:featuredmedia":[{"embeddable":true,"href":"https:\/\/sertsc.org.br\/site\/wp-json\/"}],"wp:attachment":[{"href":"https:\/\/sertsc.org.br\/site\/wp-json\/wp\/v2\/media?parent=18931"}],"wp:term":[{"taxonomy":"category","embeddable":true,"href":"https:\/\/sertsc.org.br\/site\/wp-json\/wp\/v2\/categories?post=18931"},{"taxonomy":"post_tag","embeddable":true,"href":"https:\/\/sertsc.org.br\/site\/wp-json\/wp\/v2\/tags?post=18931"}],"curies":[{"name":"wp","href":"https:\/\/api.w.org\/{rel}","templated":true}]}}