{"id":18921,"date":"2023-02-28T17:07:19","date_gmt":"2023-02-28T20:07:19","guid":{"rendered":"https:\/\/www.sertsc.org.br\/site\/?p=18921"},"modified":"2023-02-28T17:07:19","modified_gmt":"2023-02-28T20:07:19","slug":"concluidas-as-negociacoes-para-a-cct-de-2023","status":"publish","type":"post","link":"https:\/\/sertsc.org.br\/site\/concluidas-as-negociacoes-para-a-cct-de-2023\/","title":{"rendered":"Conclu\u00eddas as Negocia\u00e7\u00f5es para a CCT de 2023"},"content":{"rendered":"<p style=\"background: white; margin: 0cm 0cm 12pt; text-align: justify;\"><span style=\"font-size: 13.5pt; font-family: 'Arial','sans-serif'; color: #222222;\">Ap\u00f3s tr\u00eas rodadas, foram conclu\u00eddas as negocia\u00e7\u00f5es na manh\u00e3 desta ter\u00e7a-feira (28) entre os representantes do Sindiradio SC e do Sindicato das Empresas de R\u00e1dio e Televis\u00e3o de Santa Catarina (SERT\/SC). Foi aprovada a Conven\u00e7\u00e3o Coletiva de Trabalho 2023 para o estado de Santa Catarina, com exce\u00e7\u00e3o da regi\u00e3o norte.\u00a0<\/span><\/p>\n<p style=\"text-align: justify; background: white; margin: 0cm 0cm 12.0pt 0cm;\"><span style=\"font-size: 13.5pt; font-family: 'Arial','sans-serif'; color: #222222;\">Durante esta semana ser\u00e3o realizados os tr\u00e2mites para o registro efetivo no Minist\u00e9rio do Trabalho.<\/span><\/p>\n<p>&nbsp;<\/p>\n","protected":false},"excerpt":{"rendered":"<p>Ap\u00f3s tr\u00eas rodadas, foram conclu\u00eddas as negocia\u00e7\u00f5es na manh\u00e3 desta&hellip;<\/p>\n<p> <a class=\"more-link\" href=\"https:\/\/sertsc.org.br\/site\/concluidas-as-negociacoes-para-a-cct-de-2023\/\">Leia mais<\/a><\/p>\n","protected":false},"author":1,"featured_media":18922,"comment_status":"open","ping_status":"open","sticky":false,"template":"","format":"standard","meta":{"footnotes":""},"categories":[33,1,3],"tags":[],"class_list":{"0":"post-18921","1":"post","2":"type-post","3":"status-publish","4":"format-standard","5":"has-post-thumbnail","7":"category-destaques","8":"category-geral","9":"category-noticias"},"_links":{"self":[{"href":"https:\/\/sertsc.org.br\/site\/wp-json\/wp\/v2\/posts\/18921","targetHints":{"allow":["GET"]}}],"collection":[{"href":"https:\/\/sertsc.org.br\/site\/wp-json\/wp\/v2\/posts"}],"about":[{"href":"https:\/\/sertsc.org.br\/site\/wp-json\/wp\/v2\/types\/post"}],"author":[{"embeddable":true,"href":"https:\/\/sertsc.org.br\/site\/wp-json\/wp\/v2\/users\/1"}],"replies":[{"embeddable":true,"href":"https:\/\/sertsc.org.br\/site\/wp-json\/wp\/v2\/comments?post=18921"}],"version-history":[{"count":0,"href":"https:\/\/sertsc.org.br\/site\/wp-json\/wp\/v2\/posts\/18921\/revisions"}],"wp:featuredmedia":[{"embeddable":true,"href":"https:\/\/sertsc.org.br\/site\/wp-json\/"}],"wp:attachment":[{"href":"https:\/\/sertsc.org.br\/site\/wp-json\/wp\/v2\/media?parent=18921"}],"wp:term":[{"taxonomy":"category","embeddable":true,"href":"https:\/\/sertsc.org.br\/site\/wp-json\/wp\/v2\/categories?post=18921"},{"taxonomy":"post_tag","embeddable":true,"href":"https:\/\/sertsc.org.br\/site\/wp-json\/wp\/v2\/tags?post=18921"}],"curies":[{"name":"wp","href":"https:\/\/api.w.org\/{rel}","templated":true}]}}