{"id":18918,"date":"2023-02-28T08:20:24","date_gmt":"2023-02-28T11:20:24","guid":{"rendered":"https:\/\/www.sertsc.org.br\/site\/?p=18918"},"modified":"2023-02-28T08:20:24","modified_gmt":"2023-02-28T11:20:24","slug":"acaert-e-sert-sc-serao-parceiros-nos-encontros-regionais","status":"publish","type":"post","link":"https:\/\/sertsc.org.br\/site\/acaert-e-sert-sc-serao-parceiros-nos-encontros-regionais\/","title":{"rendered":"ACAERT e SERT\/SC ser\u00e3o parceiros nos Encontros Regionais"},"content":{"rendered":"<p>As duas entidades unificaram a agenda de eventos pelo estado. Primeiro ser\u00e1 em Canoinhas<\/p>\n<p>Neste ano, a ACAERT e o SERT\/SC mudaram a sistem\u00e1tica dos encontros regionais e resolveram unificar as agendas dos eventos. O primeiro encontro j\u00e1 est\u00e1 programado para o dia 02 de mar\u00e7o, em Canoinhas, com os associados e filiados do Planalto Norte. Os encontros unificados j\u00e1 foram realizados em outras oportunidades.<\/p>\n<p>Quer receber not\u00edcias da ACAERT? Assine a newsletter &#8211; Assine aqui e receba por e-mail<\/p>\n<p>\u201cA aproxima\u00e7\u00e3o da ACAERT e do SERT vem fortalecer e beneficiar o radiodifusor, que cada vez mais encontra suporte em ambas as entidades. Os encontros regionais, de forma conjunta, configuram uma oportunidade de aproximar e sanar quaisquer d\u00favidas que as emissoras possam ter sobre diversos assuntos, em um \u00fanico dia. Isso facilita a compreens\u00e3o e acelera as demandas de cada regional\u201d, explicou o presidente da ACAERT, Fabio Bigolin. Nos eventos, al\u00e9m de apresentar suas atividades, a entidade agora reservou tamb\u00e9m espa\u00e7o para atendimentos individuais em v\u00e1rias \u00e1reas.<\/p>\n<p>J\u00e1 o SERT\/SC ter\u00e1 espa\u00e7o semelhante ao da ACAERT, com apresenta\u00e7\u00e3o sobre \u2018Vendas\u2019 e \u2018LGPD\u2019, al\u00e9m de atendimentos individuais com os filiados sobre as demandas trabalhistas. \u201cEstamos unindo as nossas for\u00e7as, que s\u00e3o convergentes. Evitando, assim, duplicidade de esfor\u00e7os. Vamos passar por todas as oito regi\u00f5es. Essa uni\u00e3o vai aumentar o interesse do radiodifusor e suas equipes na participa\u00e7\u00e3o dos encontros\u201d, destacou o presidente do SERT\/SC, Humberto Ohf de Andrade.<\/p>\n<p><img fetchpriority=\"high\" decoding=\"async\" class=\"wp-image-18919 aligncenter\" src=\"https:\/\/www.sertsc.org.br\/site\/wp-content\/uploads\/2023\/02\/63ee8de731109-300x168.jpg\" alt=\"\" width=\"489\" height=\"274\" \/><\/p>\n<p>Fonte: Assessoria de Imprensa\/ACAERT<\/p>\n","protected":false},"excerpt":{"rendered":"<p>As duas entidades unificaram a agenda de eventos pelo estado.&hellip;<\/p>\n<p> <a class=\"more-link\" href=\"https:\/\/sertsc.org.br\/site\/acaert-e-sert-sc-serao-parceiros-nos-encontros-regionais\/\">Leia mais<\/a><\/p>\n","protected":false},"author":1,"featured_media":18919,"comment_status":"open","ping_status":"open","sticky":false,"template":"","format":"standard","meta":{"footnotes":""},"categories":[33,3],"tags":[],"class_list":{"0":"post-18918","1":"post","2":"type-post","3":"status-publish","4":"format-standard","5":"has-post-thumbnail","7":"category-destaques","8":"category-noticias"},"_links":{"self":[{"href":"https:\/\/sertsc.org.br\/site\/wp-json\/wp\/v2\/posts\/18918","targetHints":{"allow":["GET"]}}],"collection":[{"href":"https:\/\/sertsc.org.br\/site\/wp-json\/wp\/v2\/posts"}],"about":[{"href":"https:\/\/sertsc.org.br\/site\/wp-json\/wp\/v2\/types\/post"}],"author":[{"embeddable":true,"href":"https:\/\/sertsc.org.br\/site\/wp-json\/wp\/v2\/users\/1"}],"replies":[{"embeddable":true,"href":"https:\/\/sertsc.org.br\/site\/wp-json\/wp\/v2\/comments?post=18918"}],"version-history":[{"count":0,"href":"https:\/\/sertsc.org.br\/site\/wp-json\/wp\/v2\/posts\/18918\/revisions"}],"wp:featuredmedia":[{"embeddable":true,"href":"https:\/\/sertsc.org.br\/site\/wp-json\/"}],"wp:attachment":[{"href":"https:\/\/sertsc.org.br\/site\/wp-json\/wp\/v2\/media?parent=18918"}],"wp:term":[{"taxonomy":"category","embeddable":true,"href":"https:\/\/sertsc.org.br\/site\/wp-json\/wp\/v2\/categories?post=18918"},{"taxonomy":"post_tag","embeddable":true,"href":"https:\/\/sertsc.org.br\/site\/wp-json\/wp\/v2\/tags?post=18918"}],"curies":[{"name":"wp","href":"https:\/\/api.w.org\/{rel}","templated":true}]}}