{"id":18902,"date":"2023-02-23T11:21:47","date_gmt":"2023-02-23T14:21:47","guid":{"rendered":"https:\/\/www.sertsc.org.br\/site\/?p=18902"},"modified":"2023-02-23T11:21:47","modified_gmt":"2023-02-23T14:21:47","slug":"encontros-regionais-sert-sc-em-parceria-com-acaert","status":"publish","type":"post","link":"https:\/\/sertsc.org.br\/site\/encontros-regionais-sert-sc-em-parceria-com-acaert\/","title":{"rendered":"Encontros Regionais: SERT\/SC em parceria com ACAERT"},"content":{"rendered":"<p>Os Encontros Regionais do SERT\/SC acontecer\u00e3o neste ano de 2023 em parceria com a Associa\u00e7\u00e3o Catarinense de Emissoras de R\u00e1dio e Televis\u00e3o (ACAERT). Os alinhamentos para o planejamento j\u00e1 iniciaram e Canoinhas \u00e9 a primeira cidade a receber o evento conjunto, dia 02 de mar\u00e7o.<\/p>\n<p>\u201cEstamos a pleno vapor para fazer um Encontro memor\u00e1vel. Teremos workshops de Vendas e sobre LGPD\u201d, pontua a gerente executiva do SERT\/SC, Kelly Costa. \u201cVai ser uma grande oportunidade para rever amigos e conversar sobre temas que ganham cada vez mais espa\u00e7o na rotina administrativa e legal das emissoras\u201d, pondera Dr. Marcos Ant\u00f4nio Silveira, assessor jur\u00eddico do SERT\/SC e respons\u00e1vel pelos apontamentos relativos a LGPD.<\/p>\n<p>A divulga\u00e7\u00e3o da programa\u00e7\u00e3o dos Encontros Regionais ser\u00e1 realizada pelo nosso site e tamb\u00e9m por meio de nossas redes sociais. Estamos ansiosos para rever todos os nossos FILIADOS.<\/p>\n<p><img fetchpriority=\"high\" decoding=\"async\" class=\"wp-image-18904 aligncenter\" src=\"https:\/\/www.sertsc.org.br\/site\/wp-content\/uploads\/2023\/02\/Site-10-1-300x200.png\" alt=\"\" width=\"488\" height=\"325\" \/><\/p>\n","protected":false},"excerpt":{"rendered":"<p>Os Encontros Regionais do SERT\/SC acontecer\u00e3o neste ano de 2023&hellip;<\/p>\n<p> <a class=\"more-link\" href=\"https:\/\/sertsc.org.br\/site\/encontros-regionais-sert-sc-em-parceria-com-acaert\/\">Leia mais<\/a><\/p>\n","protected":false},"author":1,"featured_media":18903,"comment_status":"open","ping_status":"open","sticky":false,"template":"","format":"standard","meta":{"footnotes":""},"categories":[33,3],"tags":[],"class_list":{"0":"post-18902","1":"post","2":"type-post","3":"status-publish","4":"format-standard","5":"has-post-thumbnail","7":"category-destaques","8":"category-noticias"},"_links":{"self":[{"href":"https:\/\/sertsc.org.br\/site\/wp-json\/wp\/v2\/posts\/18902","targetHints":{"allow":["GET"]}}],"collection":[{"href":"https:\/\/sertsc.org.br\/site\/wp-json\/wp\/v2\/posts"}],"about":[{"href":"https:\/\/sertsc.org.br\/site\/wp-json\/wp\/v2\/types\/post"}],"author":[{"embeddable":true,"href":"https:\/\/sertsc.org.br\/site\/wp-json\/wp\/v2\/users\/1"}],"replies":[{"embeddable":true,"href":"https:\/\/sertsc.org.br\/site\/wp-json\/wp\/v2\/comments?post=18902"}],"version-history":[{"count":0,"href":"https:\/\/sertsc.org.br\/site\/wp-json\/wp\/v2\/posts\/18902\/revisions"}],"wp:featuredmedia":[{"embeddable":true,"href":"https:\/\/sertsc.org.br\/site\/wp-json\/"}],"wp:attachment":[{"href":"https:\/\/sertsc.org.br\/site\/wp-json\/wp\/v2\/media?parent=18902"}],"wp:term":[{"taxonomy":"category","embeddable":true,"href":"https:\/\/sertsc.org.br\/site\/wp-json\/wp\/v2\/categories?post=18902"},{"taxonomy":"post_tag","embeddable":true,"href":"https:\/\/sertsc.org.br\/site\/wp-json\/wp\/v2\/tags?post=18902"}],"curies":[{"name":"wp","href":"https:\/\/api.w.org\/{rel}","templated":true}]}}