{"id":18890,"date":"2023-02-20T16:40:16","date_gmt":"2023-02-20T19:40:16","guid":{"rendered":"https:\/\/www.sertsc.org.br\/site\/?p=18890"},"modified":"2023-02-20T16:40:16","modified_gmt":"2023-02-20T19:40:16","slug":"recesso-de-carnaval","status":"publish","type":"post","link":"https:\/\/sertsc.org.br\/site\/recesso-de-carnaval\/","title":{"rendered":"Recesso de Carnaval"},"content":{"rendered":"<p>Quem a\u00ed tamb\u00e9m vai no bloco do \u201cVouDescansareN\u00e3oNego\u201d?<\/p>\n<p>Nesta ter\u00e7a-feira, dia 21\/02, a equipe do SERT\/SC vai aproveitar a folga e descansar bastante para retornar na quarta-feira a todo vapor. O nosso compromisso \u00e9 fazer um 2023 memor\u00e1vel!<\/p>\n<p>Para quem vai curtir a folia de carnaval desejamos muita alegria e ju\u00edzo.<\/p>\n<p>Abra\u00e7\u00e3o a todos e at\u00e9 quarta-feira.<\/p>\n","protected":false},"excerpt":{"rendered":"<p>Quem a\u00ed tamb\u00e9m vai no bloco do \u201cVouDescansareN\u00e3oNego\u201d? Nesta ter\u00e7a-feira,&hellip;<\/p>\n<p> <a class=\"more-link\" href=\"https:\/\/sertsc.org.br\/site\/recesso-de-carnaval\/\">Leia mais<\/a><\/p>\n","protected":false},"author":1,"featured_media":18891,"comment_status":"open","ping_status":"open","sticky":false,"template":"","format":"standard","meta":{"footnotes":""},"categories":[33,3],"tags":[],"class_list":{"0":"post-18890","1":"post","2":"type-post","3":"status-publish","4":"format-standard","5":"has-post-thumbnail","7":"category-destaques","8":"category-noticias"},"_links":{"self":[{"href":"https:\/\/sertsc.org.br\/site\/wp-json\/wp\/v2\/posts\/18890","targetHints":{"allow":["GET"]}}],"collection":[{"href":"https:\/\/sertsc.org.br\/site\/wp-json\/wp\/v2\/posts"}],"about":[{"href":"https:\/\/sertsc.org.br\/site\/wp-json\/wp\/v2\/types\/post"}],"author":[{"embeddable":true,"href":"https:\/\/sertsc.org.br\/site\/wp-json\/wp\/v2\/users\/1"}],"replies":[{"embeddable":true,"href":"https:\/\/sertsc.org.br\/site\/wp-json\/wp\/v2\/comments?post=18890"}],"version-history":[{"count":0,"href":"https:\/\/sertsc.org.br\/site\/wp-json\/wp\/v2\/posts\/18890\/revisions"}],"wp:featuredmedia":[{"embeddable":true,"href":"https:\/\/sertsc.org.br\/site\/wp-json\/"}],"wp:attachment":[{"href":"https:\/\/sertsc.org.br\/site\/wp-json\/wp\/v2\/media?parent=18890"}],"wp:term":[{"taxonomy":"category","embeddable":true,"href":"https:\/\/sertsc.org.br\/site\/wp-json\/wp\/v2\/categories?post=18890"},{"taxonomy":"post_tag","embeddable":true,"href":"https:\/\/sertsc.org.br\/site\/wp-json\/wp\/v2\/tags?post=18890"}],"curies":[{"name":"wp","href":"https:\/\/api.w.org\/{rel}","templated":true}]}}