{"id":18881,"date":"2023-02-14T14:49:56","date_gmt":"2023-02-14T17:49:56","guid":{"rendered":"https:\/\/www.sertsc.org.br\/site\/?p=18881"},"modified":"2023-02-14T14:49:56","modified_gmt":"2023-02-14T17:49:56","slug":"negociacoes-para-a-cct-de-2023-iniciam-nesta-segunda-feira","status":"publish","type":"post","link":"https:\/\/sertsc.org.br\/site\/negociacoes-para-a-cct-de-2023-iniciam-nesta-segunda-feira\/","title":{"rendered":"Negocia\u00e7\u00f5es para a CCT de 2023 iniciaram nesta segunda-feira"},"content":{"rendered":"<p>Na manh\u00e3 desta segunda-feira, dia 13 de fevereiro, na sede do Sindicato das Empresas de R\u00e1dio e Televis\u00e3o de Santa Catarina (SERT\/SC), iniciaram as negocia\u00e7\u00f5es para a Conven\u00e7\u00e3o Coletiva dos Trabalhadores (CCT) de 2023. A reuni\u00e3o contou com representantes do SERT\/SC e representantes do Sindiradio\/SC.<\/p>\n<p>Esta foi a primeira rodada de negocia\u00e7\u00f5es, a continuidade j\u00e1 est\u00e1 agendada para final de fevereiro. A CCT de 2022 alterou a data base de janeiro para mar\u00e7o, portanto, o que for negociado neste ano passa a vigorar a partir do sal\u00e1rio relativo a mar\u00e7o.<\/p>\n<p><img fetchpriority=\"high\" decoding=\"async\" class=\"wp-image-18882 aligncenter\" src=\"https:\/\/www.sertsc.org.br\/site\/wp-content\/uploads\/2023\/02\/WhatsApp-Image-2023-02-14-at-2.48.20-PM-300x225.jpeg\" alt=\"\" width=\"495\" height=\"371\" \/><\/p>\n","protected":false},"excerpt":{"rendered":"<p>Na manh\u00e3 desta segunda-feira, dia 13 de fevereiro, na sede&hellip;<\/p>\n<p> <a class=\"more-link\" href=\"https:\/\/sertsc.org.br\/site\/negociacoes-para-a-cct-de-2023-iniciam-nesta-segunda-feira\/\">Leia mais<\/a><\/p>\n","protected":false},"author":1,"featured_media":18882,"comment_status":"open","ping_status":"open","sticky":false,"template":"","format":"standard","meta":{"footnotes":""},"categories":[33,3],"tags":[],"class_list":{"0":"post-18881","1":"post","2":"type-post","3":"status-publish","4":"format-standard","5":"has-post-thumbnail","7":"category-destaques","8":"category-noticias"},"_links":{"self":[{"href":"https:\/\/sertsc.org.br\/site\/wp-json\/wp\/v2\/posts\/18881","targetHints":{"allow":["GET"]}}],"collection":[{"href":"https:\/\/sertsc.org.br\/site\/wp-json\/wp\/v2\/posts"}],"about":[{"href":"https:\/\/sertsc.org.br\/site\/wp-json\/wp\/v2\/types\/post"}],"author":[{"embeddable":true,"href":"https:\/\/sertsc.org.br\/site\/wp-json\/wp\/v2\/users\/1"}],"replies":[{"embeddable":true,"href":"https:\/\/sertsc.org.br\/site\/wp-json\/wp\/v2\/comments?post=18881"}],"version-history":[{"count":0,"href":"https:\/\/sertsc.org.br\/site\/wp-json\/wp\/v2\/posts\/18881\/revisions"}],"wp:featuredmedia":[{"embeddable":true,"href":"https:\/\/sertsc.org.br\/site\/wp-json\/"}],"wp:attachment":[{"href":"https:\/\/sertsc.org.br\/site\/wp-json\/wp\/v2\/media?parent=18881"}],"wp:term":[{"taxonomy":"category","embeddable":true,"href":"https:\/\/sertsc.org.br\/site\/wp-json\/wp\/v2\/categories?post=18881"},{"taxonomy":"post_tag","embeddable":true,"href":"https:\/\/sertsc.org.br\/site\/wp-json\/wp\/v2\/tags?post=18881"}],"curies":[{"name":"wp","href":"https:\/\/api.w.org\/{rel}","templated":true}]}}