{"id":18877,"date":"2023-02-14T11:28:43","date_gmt":"2023-02-14T14:28:43","guid":{"rendered":"https:\/\/www.sertsc.org.br\/site\/?p=18877"},"modified":"2023-02-14T11:28:43","modified_gmt":"2023-02-14T14:28:43","slug":"sert-e-acaert-acoes-em-parceria-para-2023","status":"publish","type":"post","link":"https:\/\/sertsc.org.br\/site\/sert-e-acaert-acoes-em-parceria-para-2023\/","title":{"rendered":"SERT e ACAERT: A\u00e7\u00f5es em parceria para 2023"},"content":{"rendered":"<p>Nesta segunda-feira, dia 13 de fevereiro, foi realizada reuni\u00e3o entre o Sindicato das Empresas de R\u00e1dio e Televis\u00e3o do Estado de Santa Catarina e a Associa\u00e7\u00e3o Catarinense de Emissoras de R\u00e1dio e Televis\u00e3o. O encontro aconteceu na sede da associa\u00e7\u00e3o e teve como objetivo o alinhamento de a\u00e7\u00f5es conjuntas que ser\u00e3o realizadas durante o ano de 2023.<\/p>\n<p>Na ocasi\u00e3o estavam presentes o presidente do SERT\/SC, Humberto Ohf de Andrade, o presidente da ACAERT, F\u00e1bio Bigolin, a diretora comercial da ACAERT, Liza Rocha, a coordenadora de opera\u00e7\u00f5es da ACAERT, Andrea Juttel, e a gerente executiva do SERT\/SC, Kelly Costa. \u201cS\u00e3o institui\u00e7\u00f5es irm\u00e3s (SERT\/SC e ACAERT) e por isso t\u00eam como escopo o desenvolvimento da radiodifus\u00e3o de Santa Catarina. A conversa foi bastante produtiva e com resultados concretos\u201d, declarou Humberto.<\/p>\n<p><img fetchpriority=\"high\" decoding=\"async\" class=\"wp-image-18878 aligncenter\" src=\"https:\/\/www.sertsc.org.br\/site\/wp-content\/uploads\/2023\/02\/Site-5-300x200.png\" alt=\"\" width=\"500\" height=\"333\" \/><\/p>\n","protected":false},"excerpt":{"rendered":"<p>Nesta segunda-feira, dia 13 de fevereiro, foi realizada reuni\u00e3o entre&hellip;<\/p>\n<p> <a class=\"more-link\" href=\"https:\/\/sertsc.org.br\/site\/sert-e-acaert-acoes-em-parceria-para-2023\/\">Leia mais<\/a><\/p>\n","protected":false},"author":1,"featured_media":18878,"comment_status":"open","ping_status":"open","sticky":false,"template":"","format":"standard","meta":{"footnotes":""},"categories":[33,3],"tags":[],"class_list":{"0":"post-18877","1":"post","2":"type-post","3":"status-publish","4":"format-standard","5":"has-post-thumbnail","7":"category-destaques","8":"category-noticias"},"_links":{"self":[{"href":"https:\/\/sertsc.org.br\/site\/wp-json\/wp\/v2\/posts\/18877","targetHints":{"allow":["GET"]}}],"collection":[{"href":"https:\/\/sertsc.org.br\/site\/wp-json\/wp\/v2\/posts"}],"about":[{"href":"https:\/\/sertsc.org.br\/site\/wp-json\/wp\/v2\/types\/post"}],"author":[{"embeddable":true,"href":"https:\/\/sertsc.org.br\/site\/wp-json\/wp\/v2\/users\/1"}],"replies":[{"embeddable":true,"href":"https:\/\/sertsc.org.br\/site\/wp-json\/wp\/v2\/comments?post=18877"}],"version-history":[{"count":0,"href":"https:\/\/sertsc.org.br\/site\/wp-json\/wp\/v2\/posts\/18877\/revisions"}],"wp:featuredmedia":[{"embeddable":true,"href":"https:\/\/sertsc.org.br\/site\/wp-json\/"}],"wp:attachment":[{"href":"https:\/\/sertsc.org.br\/site\/wp-json\/wp\/v2\/media?parent=18877"}],"wp:term":[{"taxonomy":"category","embeddable":true,"href":"https:\/\/sertsc.org.br\/site\/wp-json\/wp\/v2\/categories?post=18877"},{"taxonomy":"post_tag","embeddable":true,"href":"https:\/\/sertsc.org.br\/site\/wp-json\/wp\/v2\/tags?post=18877"}],"curies":[{"name":"wp","href":"https:\/\/api.w.org\/{rel}","templated":true}]}}