{"id":18873,"date":"2023-02-13T09:37:37","date_gmt":"2023-02-13T12:37:37","guid":{"rendered":"https:\/\/www.sertsc.org.br\/site\/?p=18873"},"modified":"2023-02-13T09:37:37","modified_gmt":"2023-02-13T12:37:37","slug":"emissoras-de-radio-e-televisao-ja-comecaram-a-receber-materiais-da-propaganda-partidaria","status":"publish","type":"post","link":"https:\/\/sertsc.org.br\/site\/emissoras-de-radio-e-televisao-ja-comecaram-a-receber-materiais-da-propaganda-partidaria\/","title":{"rendered":"Emissoras de r\u00e1dio e televis\u00e3o j\u00e1 come\u00e7aram a receber materiais da propaganda partid\u00e1ria"},"content":{"rendered":"<p>A propaganda partid\u00e1ria gratuita retornou neste ano ao r\u00e1dio e \u00e0 TV. Os materiais j\u00e1 come\u00e7aram a ser enviados para as emissoras do pa\u00eds. A veicula\u00e7\u00e3o ocorre sempre \u00e0s ter\u00e7as-feiras, \u00e0s quintas-feiras e aos s\u00e1bados. A propaganda partid\u00e1ria estava extinta desde 2017, por\u00e9m voltou a ser transmitida no ano passado.<\/p>\n<p>A estreia dos materiais ocorreu no \u00faltimo dia 24, com a exibi\u00e7\u00e3o do programa do PSDB (Partido da Social Democracia Brasileira). Desde ent\u00e3o, as emissoras j\u00e1 est\u00e3o recebendo as m\u00eddias dos partidos, que s\u00e3o encarregados pela distribui\u00e7\u00e3o dos programas. As inser\u00e7\u00f5es seguem no decorrer do primeiro e segundo semestre deste ano durante o intervalo da programa\u00e7\u00e3o normal das emissoras, no per\u00edodo entre 19h30 e 22h30.<\/p>\n<p>O assessor jur\u00eddico da AERP (Associa\u00e7\u00e3o das Emissoras de Radiodifus\u00e3o do Paran\u00e1) e do SERT-PR (Sindicato das Empresas de R\u00e1dio e Televis\u00e3o do Paran\u00e1), Rodolfo Moura, esclarece que &#8220;cabe aos partidos pol\u00edticos encaminhar o material para veicula\u00e7\u00e3o diretamente \u00e0s emissoras&#8221;. Assim, caso determinada emissora n\u00e3o receba o material de propaganda partid\u00e1ria de determinado partido pol\u00edtico ou o receba fora das condi\u00e7\u00f5es e prazos estabelecidos, deve prosseguir com sua programa\u00e7\u00e3o normal&#8221;.<\/p>\n<p>A propaganda partid\u00e1ria \u00e9 veiculada no primeiro e no segundo semestre dos anos n\u00e3o eleitorais e apenas no primeiro semestre dos anos em que houver elei\u00e7\u00e3o. Extinta em 2017, o retorno ocorreu no ano passado, por meio das regras da Resolu\u00e7\u00e3o 23.679\/2022 do TSE (Tribunal Superior Eleitoral). A divis\u00e3o do tempo entre os partidos \u00e9 feita de acordo com o desempenho de cada legenda nas \u00faltimas Elei\u00e7\u00f5es Gerais, realizadas no ano passado.<\/p>\n<p><img fetchpriority=\"high\" decoding=\"async\" class=\"wp-image-18874 aligncenter\" src=\"https:\/\/www.sertsc.org.br\/site\/wp-content\/uploads\/2023\/02\/Site-4-300x200.png\" alt=\"\" width=\"501\" height=\"334\" \/><\/p>\n<p>Com informa\u00e7\u00f5es da Aerp, do TSE e Tudo R\u00e1dio.<\/p>\n","protected":false},"excerpt":{"rendered":"<p>A propaganda partid\u00e1ria gratuita retornou neste ano ao r\u00e1dio e&hellip;<\/p>\n<p> <a class=\"more-link\" href=\"https:\/\/sertsc.org.br\/site\/emissoras-de-radio-e-televisao-ja-comecaram-a-receber-materiais-da-propaganda-partidaria\/\">Leia mais<\/a><\/p>\n","protected":false},"author":1,"featured_media":18874,"comment_status":"open","ping_status":"open","sticky":false,"template":"","format":"standard","meta":{"footnotes":""},"categories":[33,3],"tags":[],"class_list":{"0":"post-18873","1":"post","2":"type-post","3":"status-publish","4":"format-standard","5":"has-post-thumbnail","7":"category-destaques","8":"category-noticias"},"_links":{"self":[{"href":"https:\/\/sertsc.org.br\/site\/wp-json\/wp\/v2\/posts\/18873","targetHints":{"allow":["GET"]}}],"collection":[{"href":"https:\/\/sertsc.org.br\/site\/wp-json\/wp\/v2\/posts"}],"about":[{"href":"https:\/\/sertsc.org.br\/site\/wp-json\/wp\/v2\/types\/post"}],"author":[{"embeddable":true,"href":"https:\/\/sertsc.org.br\/site\/wp-json\/wp\/v2\/users\/1"}],"replies":[{"embeddable":true,"href":"https:\/\/sertsc.org.br\/site\/wp-json\/wp\/v2\/comments?post=18873"}],"version-history":[{"count":0,"href":"https:\/\/sertsc.org.br\/site\/wp-json\/wp\/v2\/posts\/18873\/revisions"}],"wp:featuredmedia":[{"embeddable":true,"href":"https:\/\/sertsc.org.br\/site\/wp-json\/"}],"wp:attachment":[{"href":"https:\/\/sertsc.org.br\/site\/wp-json\/wp\/v2\/media?parent=18873"}],"wp:term":[{"taxonomy":"category","embeddable":true,"href":"https:\/\/sertsc.org.br\/site\/wp-json\/wp\/v2\/categories?post=18873"},{"taxonomy":"post_tag","embeddable":true,"href":"https:\/\/sertsc.org.br\/site\/wp-json\/wp\/v2\/tags?post=18873"}],"curies":[{"name":"wp","href":"https:\/\/api.w.org\/{rel}","templated":true}]}}