{"id":18856,"date":"2023-02-02T15:54:14","date_gmt":"2023-02-02T18:54:14","guid":{"rendered":"https:\/\/www.sertsc.org.br\/site\/?p=18856"},"modified":"2023-02-02T15:54:14","modified_gmt":"2023-02-02T18:54:14","slug":"nota-de-pesar-18","status":"publish","type":"post","link":"https:\/\/sertsc.org.br\/site\/nota-de-pesar-18\/","title":{"rendered":"Nota de Pesar"},"content":{"rendered":"<p>O Sindicato das Empresas de R\u00e1dio e Televis\u00e3o do Estado de Santa Catarina lamenta o falecimento da jornalista e \u00edcone da televis\u00e3o brasileira, Gl\u00f3ria Maria. A profissional carioca atuou na Globo desde 1971 e esteve \u00e0 frente do Fant\u00e1stico de 1998 a 2007. Foi a primeira rep\u00f3rter a entrar ao vivo e em cores no Jornal Nacional e fez hist\u00f3ria com sua desenvoltura e carisma. Atualmente fazia parte da equipe do Globo Rep\u00f3rter. Aos familiares, amigos e colegas os nossos sinceros sentimentos.<\/p>\n<p>&nbsp;<\/p>\n<p><img fetchpriority=\"high\" decoding=\"async\" class=\"wp-image-18857 aligncenter\" src=\"https:\/\/www.sertsc.org.br\/site\/wp-content\/uploads\/2023\/02\/WhatsApp-Image-2023-02-02-at-3.48.35-PM-300x200.jpeg\" alt=\"\" width=\"506\" height=\"337\" \/><\/p>\n","protected":false},"excerpt":{"rendered":"<p>O Sindicato das Empresas de R\u00e1dio e Televis\u00e3o do Estado&hellip;<\/p>\n<p> <a class=\"more-link\" href=\"https:\/\/sertsc.org.br\/site\/nota-de-pesar-18\/\">Leia mais<\/a><\/p>\n","protected":false},"author":1,"featured_media":18857,"comment_status":"open","ping_status":"open","sticky":false,"template":"","format":"standard","meta":{"footnotes":""},"categories":[33,3],"tags":[],"class_list":{"0":"post-18856","1":"post","2":"type-post","3":"status-publish","4":"format-standard","5":"has-post-thumbnail","7":"category-destaques","8":"category-noticias"},"_links":{"self":[{"href":"https:\/\/sertsc.org.br\/site\/wp-json\/wp\/v2\/posts\/18856","targetHints":{"allow":["GET"]}}],"collection":[{"href":"https:\/\/sertsc.org.br\/site\/wp-json\/wp\/v2\/posts"}],"about":[{"href":"https:\/\/sertsc.org.br\/site\/wp-json\/wp\/v2\/types\/post"}],"author":[{"embeddable":true,"href":"https:\/\/sertsc.org.br\/site\/wp-json\/wp\/v2\/users\/1"}],"replies":[{"embeddable":true,"href":"https:\/\/sertsc.org.br\/site\/wp-json\/wp\/v2\/comments?post=18856"}],"version-history":[{"count":0,"href":"https:\/\/sertsc.org.br\/site\/wp-json\/wp\/v2\/posts\/18856\/revisions"}],"wp:featuredmedia":[{"embeddable":true,"href":"https:\/\/sertsc.org.br\/site\/wp-json\/"}],"wp:attachment":[{"href":"https:\/\/sertsc.org.br\/site\/wp-json\/wp\/v2\/media?parent=18856"}],"wp:term":[{"taxonomy":"category","embeddable":true,"href":"https:\/\/sertsc.org.br\/site\/wp-json\/wp\/v2\/categories?post=18856"},{"taxonomy":"post_tag","embeddable":true,"href":"https:\/\/sertsc.org.br\/site\/wp-json\/wp\/v2\/tags?post=18856"}],"curies":[{"name":"wp","href":"https:\/\/api.w.org\/{rel}","templated":true}]}}