{"id":18840,"date":"2023-01-26T14:27:18","date_gmt":"2023-01-26T17:27:18","guid":{"rendered":"https:\/\/www.sertsc.org.br\/site\/?p=18840"},"modified":"2023-01-26T14:27:18","modified_gmt":"2023-01-26T17:27:18","slug":"tema-do-dia-mundial-do-radio-em-2023-sera-radio-e-paz","status":"publish","type":"post","link":"https:\/\/sertsc.org.br\/site\/tema-do-dia-mundial-do-radio-em-2023-sera-radio-e-paz\/","title":{"rendered":"Tema do Dia Mundial do R\u00e1dio em 2023 ser\u00e1 R\u00e1dio e Paz"},"content":{"rendered":"<p>A Organiza\u00e7\u00e3o das Na\u00e7\u00f5es Unidas para a Educa\u00e7\u00e3o, a Ci\u00eancia e a Cultura (UNESCO) divulgou o tema para comemorar o Dia Mundial do R\u00e1dio, em 13 de fevereiro. Neste ano, o tema ser\u00e1 \u201cR\u00e1dio e Paz\u201d, na qual a UNESCO destaca o r\u00e1dio independente como um pilar para a preven\u00e7\u00e3o de conflitos e constru\u00e7\u00e3o da paz.<\/p>\n<p>A organiza\u00e7\u00e3o est\u00e1 compartilhando materiais educativos e maneiras de comemorar. \u201cA guerra, como ant\u00f4nimo de paz, significa um conflito armado entre pa\u00edses ou grupos dentro de um pa\u00eds, mas tamb\u00e9m pode se traduzir em um conflito de narrativas da m\u00eddia\u201d, diz a UNESCO em seu site.<\/p>\n<p>Em homenagem ao tema deste ano, a UNESCO compartilhou 13 maneiras pelas quais as esta\u00e7\u00f5es de r\u00e1dio podem incorporar \u201cR\u00e1dio e Paz\u201d em sua programa\u00e7\u00e3o. As ideias incluem focar e discutir can\u00e7\u00f5es de paz ou apresentar um talk show com resenhas de livros ou revistas que trazem hist\u00f3rias de desarmamento, soldados desmobilizados, reintegra\u00e7\u00e3o e reconcilia\u00e7\u00e3o, por exemplo.<\/p>\n<p>Segundo a UNESCO, o r\u00e1dio pode, de fato, alimentar conflitos, mas, na realidade, o r\u00e1dio profissional modera conflitos e\/ou tens\u00f5es, evitando sua escalada ou trazendo reconcilia\u00e7\u00e3o e negocia\u00e7\u00f5es de reconstru\u00e7\u00e3o. Essa \u00e9 a raz\u00e3o pela qual o apoio \u00e0 r\u00e1dio independente deve ser visto como parte integrante da paz e da estabilidade.<\/p>\n<p><img fetchpriority=\"high\" decoding=\"async\" class=\"wp-image-18841 aligncenter\" src=\"https:\/\/www.sertsc.org.br\/site\/wp-content\/uploads\/2023\/01\/Site-1-7-300x200.png\" alt=\"\" width=\"491\" height=\"327\" \/><\/p>\n<p>Fonte: Tudo R\u00e1dio.<\/p>\n","protected":false},"excerpt":{"rendered":"<p>A Organiza\u00e7\u00e3o das Na\u00e7\u00f5es Unidas para a Educa\u00e7\u00e3o, a Ci\u00eancia&hellip;<\/p>\n<p> <a class=\"more-link\" href=\"https:\/\/sertsc.org.br\/site\/tema-do-dia-mundial-do-radio-em-2023-sera-radio-e-paz\/\">Leia mais<\/a><\/p>\n","protected":false},"author":1,"featured_media":18841,"comment_status":"open","ping_status":"open","sticky":false,"template":"","format":"standard","meta":{"footnotes":""},"categories":[33,3],"tags":[],"class_list":{"0":"post-18840","1":"post","2":"type-post","3":"status-publish","4":"format-standard","5":"has-post-thumbnail","7":"category-destaques","8":"category-noticias"},"_links":{"self":[{"href":"https:\/\/sertsc.org.br\/site\/wp-json\/wp\/v2\/posts\/18840","targetHints":{"allow":["GET"]}}],"collection":[{"href":"https:\/\/sertsc.org.br\/site\/wp-json\/wp\/v2\/posts"}],"about":[{"href":"https:\/\/sertsc.org.br\/site\/wp-json\/wp\/v2\/types\/post"}],"author":[{"embeddable":true,"href":"https:\/\/sertsc.org.br\/site\/wp-json\/wp\/v2\/users\/1"}],"replies":[{"embeddable":true,"href":"https:\/\/sertsc.org.br\/site\/wp-json\/wp\/v2\/comments?post=18840"}],"version-history":[{"count":0,"href":"https:\/\/sertsc.org.br\/site\/wp-json\/wp\/v2\/posts\/18840\/revisions"}],"wp:featuredmedia":[{"embeddable":true,"href":"https:\/\/sertsc.org.br\/site\/wp-json\/"}],"wp:attachment":[{"href":"https:\/\/sertsc.org.br\/site\/wp-json\/wp\/v2\/media?parent=18840"}],"wp:term":[{"taxonomy":"category","embeddable":true,"href":"https:\/\/sertsc.org.br\/site\/wp-json\/wp\/v2\/categories?post=18840"},{"taxonomy":"post_tag","embeddable":true,"href":"https:\/\/sertsc.org.br\/site\/wp-json\/wp\/v2\/tags?post=18840"}],"curies":[{"name":"wp","href":"https:\/\/api.w.org\/{rel}","templated":true}]}}