{"id":18835,"date":"2023-01-26T10:56:13","date_gmt":"2023-01-26T13:56:13","guid":{"rendered":"https:\/\/www.sertsc.org.br\/site\/?p=18835"},"modified":"2023-01-26T10:56:13","modified_gmt":"2023-01-26T13:56:13","slug":"propaganda-partidaria-nacional-comeca-a-ser-exibida-a-partir-desta-terca-24","status":"publish","type":"post","link":"https:\/\/sertsc.org.br\/site\/propaganda-partidaria-nacional-comeca-a-ser-exibida-a-partir-desta-terca-24\/","title":{"rendered":"Propaganda partid\u00e1ria nacional come\u00e7a a ser exibida a partir desta ter\u00e7a (24)"},"content":{"rendered":"<p>Come\u00e7a, nesta ter\u00e7a-feira (24), a propaganda partid\u00e1ria gratuita em r\u00e1dio e televis\u00e3o em todo o Brasil. O programa do Partido da Social Democracia Brasileira (PSDB) ser\u00e1 o primeiro a ser exibido. De acordo com o Tribunal Superior Eleitoral (TSE), a sigla ter\u00e1 direito a 10 minutos por semestre, com um total de 20 inser\u00e7\u00f5es de 30 segundos cada uma, que ser\u00e3o veiculadas at\u00e9 28 de janeiro.<\/p>\n<p>Em mar\u00e7o, mais quatro agremia\u00e7\u00f5es come\u00e7ar\u00e3o a exibir as respectivas propagandas. A partir do dia 7, ser\u00e1 a vez do Republicanos, com 20 minutos por semestre (40 inser\u00e7\u00f5es de 30 segundos), seguido pelo Partido Socialismo e Liberdade (PSOL), que ter\u00e1 direito a 10 minutos por semestre (20 inser\u00e7\u00f5es de 30 segundos), a partir do dia 9.<\/p>\n<p>O Partido Comunista do Brasil (PCdoB), com direito a cinco minutos por semestre (10 inser\u00e7\u00f5es de 30 segundos), exibir\u00e1 a propaganda nos dias 23 e 25 de mar\u00e7o, enquanto o programa do Partido dos Trabalhadores (PT), com 20 minutos por semestre (40 inser\u00e7\u00f5es de 30 segundos) ter\u00e1 a sua estreia no dia 28.<\/p>\n<p>As veicula\u00e7\u00f5es acontecem \u00e0s ter\u00e7as-feiras, \u00e0s quintas-feiras e aos s\u00e1bados, sempre das 19h30 \u00e0s 22h30, nos intervalos da programa\u00e7\u00e3o normal das emissoras.<\/p>\n<p>A propaganda partid\u00e1ria, que foi extinta em 2017, voltou a ser permitida ap\u00f3s a publica\u00e7\u00e3o da Lei n\u00ba 14.291, de janeiro de 2022. A nova lei segue as regras da Resolu\u00e7\u00e3o n\u00ba 23.679\/2022 do Tribunal Superior Eleitoral (TSE), que disciplina a forma de veicula\u00e7\u00e3o dos conte\u00fados.<\/p>\n<p>As inser\u00e7\u00f5es t\u00eam por finalidade difundir e transmitir mensagens sobre a execu\u00e7\u00e3o do programa da legenda, bem como divulgar as atividades congressuais do partido e o posicionamento em rela\u00e7\u00e3o a temas pol\u00edticos e a\u00e7\u00f5es da sociedade civil. Cabe destacar que pelo menos 30% do tempo destinado a cada legenda deve ser utilizado para a promo\u00e7\u00e3o e a difus\u00e3o da participa\u00e7\u00e3o feminina na pol\u00edtica.<\/p>\n<p>Confira o calend\u00e1rio da propaganda partid\u00e1ria em 2023 no primeiro semestre.<\/p>\n<p><img fetchpriority=\"high\" decoding=\"async\" class=\"wp-image-18836 aligncenter\" src=\"https:\/\/www.sertsc.org.br\/site\/wp-content\/uploads\/2023\/01\/Site-1-6-300x200.png\" alt=\"\" width=\"491\" height=\"327\" \/><\/p>\n<p>&nbsp;<\/p>\n<p>Com informa\u00e7\u00f5es do Tribunal Superior Eleitoral (TSE) e Abratel.<\/p>\n","protected":false},"excerpt":{"rendered":"<p>Come\u00e7a, nesta ter\u00e7a-feira (24), a propaganda partid\u00e1ria gratuita em r\u00e1dio&hellip;<\/p>\n<p> <a class=\"more-link\" href=\"https:\/\/sertsc.org.br\/site\/propaganda-partidaria-nacional-comeca-a-ser-exibida-a-partir-desta-terca-24\/\">Leia mais<\/a><\/p>\n","protected":false},"author":1,"featured_media":18836,"comment_status":"open","ping_status":"open","sticky":false,"template":"","format":"standard","meta":{"footnotes":""},"categories":[33,3],"tags":[],"class_list":{"0":"post-18835","1":"post","2":"type-post","3":"status-publish","4":"format-standard","5":"has-post-thumbnail","7":"category-destaques","8":"category-noticias"},"_links":{"self":[{"href":"https:\/\/sertsc.org.br\/site\/wp-json\/wp\/v2\/posts\/18835","targetHints":{"allow":["GET"]}}],"collection":[{"href":"https:\/\/sertsc.org.br\/site\/wp-json\/wp\/v2\/posts"}],"about":[{"href":"https:\/\/sertsc.org.br\/site\/wp-json\/wp\/v2\/types\/post"}],"author":[{"embeddable":true,"href":"https:\/\/sertsc.org.br\/site\/wp-json\/wp\/v2\/users\/1"}],"replies":[{"embeddable":true,"href":"https:\/\/sertsc.org.br\/site\/wp-json\/wp\/v2\/comments?post=18835"}],"version-history":[{"count":0,"href":"https:\/\/sertsc.org.br\/site\/wp-json\/wp\/v2\/posts\/18835\/revisions"}],"wp:featuredmedia":[{"embeddable":true,"href":"https:\/\/sertsc.org.br\/site\/wp-json\/"}],"wp:attachment":[{"href":"https:\/\/sertsc.org.br\/site\/wp-json\/wp\/v2\/media?parent=18835"}],"wp:term":[{"taxonomy":"category","embeddable":true,"href":"https:\/\/sertsc.org.br\/site\/wp-json\/wp\/v2\/categories?post=18835"},{"taxonomy":"post_tag","embeddable":true,"href":"https:\/\/sertsc.org.br\/site\/wp-json\/wp\/v2\/tags?post=18835"}],"curies":[{"name":"wp","href":"https:\/\/api.w.org\/{rel}","templated":true}]}}