{"id":18832,"date":"2023-01-26T09:16:53","date_gmt":"2023-01-26T12:16:53","guid":{"rendered":"https:\/\/www.sertsc.org.br\/site\/?p=18832"},"modified":"2023-01-26T09:16:53","modified_gmt":"2023-01-26T12:16:53","slug":"5g-mais-78-municipios-terao-a-faixa-de-35-ghz-liberada","status":"publish","type":"post","link":"https:\/\/sertsc.org.br\/site\/5g-mais-78-municipios-terao-a-faixa-de-35-ghz-liberada\/","title":{"rendered":"5G: mais 78 munic\u00edpios ter\u00e3o a faixa de 3,5 GHz liberada"},"content":{"rendered":"<p>As novas cidades liberadas est\u00e3o em S\u00e3o Paulo, Minas Gerais, Santa Catarina, Par\u00e1, Esp\u00edrito Santo, Rio Grande do Sul, Paran\u00e1, Pernambuco, Rio de Janeiro e Bahia<\/p>\n<p>A partir desta quarta-feira (25), as prestadoras que adquiriram lotes na faixa de 3,5 GHz poder\u00e3o solicitar \u00e0 Ag\u00eancia Nacional de Telecomunica\u00e7\u00f5es (Anatel) o licenciamento e ativa\u00e7\u00f5es de esta\u00e7\u00f5es de 5G em mais 78 munic\u00edpios situados nas proximidades de capitais ou de cidades com mais de 500 mil habitantes.<\/p>\n<p>A decis\u00e3o segue as diretrizes do edital do 5G e abrange munic\u00edpios onde a Entidade Administradora da Faixa de 3,5 GHz (EAF) j\u00e1 iniciou a migra\u00e7\u00e3o da recep\u00e7\u00e3o do sinal de televis\u00e3o aberta e gratuita por meio de antenas parab\u00f3licas na banda C satelital para a banda Ku.<\/p>\n<p>Segundo a Anatel, at\u00e9 o momento, 140 munic\u00edpios j\u00e1 foram liberados para utiliza\u00e7\u00e3o da faixa. Com isso, 38,5% da popula\u00e7\u00e3o j\u00e1 tem potencial para ser beneficiada, de acordo com as ativa\u00e7\u00f5es das prestadoras.<\/p>\n<p>Outra decis\u00e3o importante diz respeito ao planejamento de libera\u00e7\u00f5es da faixa at\u00e9 o final do semestre, \u201cquando ser\u00e3o liberadas centenas de munic\u00edpios, com a previs\u00e3o de que sejam alcan\u00e7adas 1610 cidades\u201d, afirma a ag\u00eancia.<\/p>\n<p>A Anatel ressalta que a libera\u00e7\u00e3o da faixa n\u00e3o significa que redes do 5G ser\u00e3o instaladas de imediato nas localidades. \u201cA instala\u00e7\u00e3o antecipada de esta\u00e7\u00f5es de quinta gera\u00e7\u00e3o nessas cidades depende do planejamento individual de cada prestadora\u201d, reitera.<\/p>\n<p>Quem recebe as transmiss\u00f5es da TV Aberta pela antena parab\u00f3lica precisa adaptar o equipamento para evitar eventuais interfer\u00eancias. Inscritos no Cadastro \u00danico para Programas Sociais do Governo Federal (Cad\u00danico) podem solicitar o kit gratuito para a adapta\u00e7\u00e3o do equipamento \u00e0 Siga Antenado.<\/p>\n<p>\u00c9 fundamental que seja realizado agendamento para a instala\u00e7\u00e3o dos novos equipamentos. Mais informa\u00e7\u00f5es est\u00e3o dispon\u00edveis no site do programa e pelo telefone 0800-729-2404.<\/p>\n<p>Confira a lista das cidades que ter\u00e3o a faixa liberada amanh\u00e3 (25):<\/p>\n<p>Estado de S\u00e3o Paulo<\/p>\n<p>Alum\u00ednio<br \/>\nAra\u00e7oiaba Da Serra<br \/>\nAruj\u00e1<br \/>\nBarueri<br \/>\nCaieiras<br \/>\nCajamar<br \/>\nCarapicu\u00edba<br \/>\nCotia<br \/>\nCravinhos<br \/>\nEmbu Das Artes<br \/>\nEmbu-Gua\u00e7u<br \/>\nFerraz De Vasconcelos<br \/>\nFrancisco Morato<br \/>\nFranco Da Rocha<br \/>\nGuararema<br \/>\nHortol\u00e2ndia<br \/>\nIndaiatuba<br \/>\nItapecerica Da Serra<br \/>\nItapevi<br \/>\nItaquaquecetuba<br \/>\nItu<br \/>\nItupeva<br \/>\nJacare\u00ed<br \/>\nJaguari\u00fana<br \/>\nJambeiro<br \/>\nJandira<br \/>\nMairinque<br \/>\nMairipor\u00e3<br \/>\nMau\u00e1<br \/>\nMogi Das Cruzes<br \/>\nMonte Mor<br \/>\nPirapora Do Bom Jesus<br \/>\nPo\u00e1<br \/>\nRibeir\u00e3o Pires<br \/>\nRio Grande Da Serra<br \/>\nSanta Isabel<br \/>\nSantana De Parna\u00edba<br \/>\nS\u00e3o Louren\u00e7o Da Serra<br \/>\nSerrana<br \/>\nSumar\u00e9<br \/>\nSuzano<br \/>\nTabo\u00e3o Da Serra<br \/>\nValinhos<br \/>\nVargem Grande Paulista<br \/>\nVotorantim<br \/>\nEstado de Minas Gerais<\/p>\n<p>Betim<br \/>\nCh\u00e1cara<br \/>\nCoronel Pacheco<br \/>\nIbirit\u00e9<br \/>\nIgarap\u00e9<br \/>\nM\u00e1rio Campos<br \/>\nMatias Barbosa<br \/>\nRibeir\u00e3o das Neves<br \/>\nS\u00e3o Joaquim de Bicas<br \/>\nSarzedo<br \/>\nEstado de Santa Catarina<\/p>\n<p>Araquari<br \/>\nBalne\u00e1rio Barra do Sul<br \/>\nGaruva<br \/>\nGuaramirim<br \/>\nSchroeder<br \/>\nEstado do Par\u00e1<\/p>\n<p>Benevides<br \/>\nMarituba<br \/>\nSanta B\u00e1rbara do Par\u00e1<br \/>\nSanta Izabel do Par\u00e1<br \/>\nEstado do Esp\u00edrito Santo<\/p>\n<p>Cariacica<br \/>\nFund\u00e3o<br \/>\nGuarapari<br \/>\nViana<br \/>\nEstado do Rio Grande do Sul<\/p>\n<p>Farroupilha<br \/>\nFlores da Cunha<br \/>\nS\u00e3o Marcos<br \/>\nEstado do Paran\u00e1<\/p>\n<p>Ibipor\u00e3<br \/>\nTamarana<br \/>\nEstado de Pernambuco<\/p>\n<p>Cabo de Santo Agostinho<br \/>\nCamaragibe<br \/>\nEstado do Rio de Janeiro<\/p>\n<p>Japeri<br \/>\nQueimados<br \/>\nEstado da Bahia<br \/>\nS\u00e3o Gon\u00e7alo dos Campos<\/p>\n<p><img fetchpriority=\"high\" decoding=\"async\" class=\"wp-image-18833 aligncenter\" src=\"https:\/\/www.sertsc.org.br\/site\/wp-content\/uploads\/2023\/01\/Site-1-5-300x200.png\" alt=\"\" width=\"515\" height=\"343\" \/><\/p>\n<p>&nbsp;<\/p>\n<p>Com informa\u00e7\u00f5es da Anatel e Abratel<\/p>\n","protected":false},"excerpt":{"rendered":"<p>As novas cidades liberadas est\u00e3o em S\u00e3o Paulo, Minas Gerais,&hellip;<\/p>\n<p> <a class=\"more-link\" href=\"https:\/\/sertsc.org.br\/site\/5g-mais-78-municipios-terao-a-faixa-de-35-ghz-liberada\/\">Leia mais<\/a><\/p>\n","protected":false},"author":1,"featured_media":18833,"comment_status":"open","ping_status":"open","sticky":false,"template":"","format":"standard","meta":{"footnotes":""},"categories":[33,3],"tags":[],"class_list":{"0":"post-18832","1":"post","2":"type-post","3":"status-publish","4":"format-standard","5":"has-post-thumbnail","7":"category-destaques","8":"category-noticias"},"_links":{"self":[{"href":"https:\/\/sertsc.org.br\/site\/wp-json\/wp\/v2\/posts\/18832","targetHints":{"allow":["GET"]}}],"collection":[{"href":"https:\/\/sertsc.org.br\/site\/wp-json\/wp\/v2\/posts"}],"about":[{"href":"https:\/\/sertsc.org.br\/site\/wp-json\/wp\/v2\/types\/post"}],"author":[{"embeddable":true,"href":"https:\/\/sertsc.org.br\/site\/wp-json\/wp\/v2\/users\/1"}],"replies":[{"embeddable":true,"href":"https:\/\/sertsc.org.br\/site\/wp-json\/wp\/v2\/comments?post=18832"}],"version-history":[{"count":0,"href":"https:\/\/sertsc.org.br\/site\/wp-json\/wp\/v2\/posts\/18832\/revisions"}],"wp:featuredmedia":[{"embeddable":true,"href":"https:\/\/sertsc.org.br\/site\/wp-json\/"}],"wp:attachment":[{"href":"https:\/\/sertsc.org.br\/site\/wp-json\/wp\/v2\/media?parent=18832"}],"wp:term":[{"taxonomy":"category","embeddable":true,"href":"https:\/\/sertsc.org.br\/site\/wp-json\/wp\/v2\/categories?post=18832"},{"taxonomy":"post_tag","embeddable":true,"href":"https:\/\/sertsc.org.br\/site\/wp-json\/wp\/v2\/tags?post=18832"}],"curies":[{"name":"wp","href":"https:\/\/api.w.org\/{rel}","templated":true}]}}