{"id":18818,"date":"2023-01-18T15:30:25","date_gmt":"2023-01-18T18:30:25","guid":{"rendered":"https:\/\/www.sertsc.org.br\/site\/?p=18818"},"modified":"2023-01-18T15:30:25","modified_gmt":"2023-01-18T18:30:25","slug":"tv-3-0-entenda-a-tecnologia-que-promete-experiencias-imersivas-ao-telespectador","status":"publish","type":"post","link":"https:\/\/sertsc.org.br\/site\/tv-3-0-entenda-a-tecnologia-que-promete-experiencias-imersivas-ao-telespectador\/","title":{"rendered":"TV 3.0: entenda a tecnologia que promete experi\u00eancias imersivas ao telespectador"},"content":{"rendered":"<p>Pr\u00f3xima gera\u00e7\u00e3o de aparelhos vai trazer mais qualidade de imagem, som imersivo e acesso facilitado \u00e0 conectividade<\/p>\n<p>ATV 3.0 vai trazer muito mais interatividade e inova\u00e7\u00e3o no jeito de zapear. Chamada de \u201cTV do futuro\u201d, a pr\u00f3xima gera\u00e7\u00e3o de TVs vai trazer uma s\u00e9rie de tecnologias vinculadas ao uso da internet para melhorar a experi\u00eancia do telespectador. A imagem, por exemplo, \u00e9 uma das caracter\u00edsticas em que a qualidade ir\u00e1 saltar, j\u00e1 que vai passar de Full HD para 4k ou at\u00e9 8k. Isso significa que a imagem ter\u00e1, no m\u00ednimo, quatro vezes mais pixels, trazendo mais informa\u00e7\u00f5es por espa\u00e7o, melhorando a cor e a nitidez. O contraste tamb\u00e9m vai ser aprimorado, por meio de tecnologias de HDR (High Dynamic Range).<\/p>\n<p>Com som imersivo, a tecnologia vai permitir que o telespectador tenha a sensa\u00e7\u00e3o de estar no ambiente que est\u00e1 sendo assistido. Imagine que voc\u00ea est\u00e1 assistindo a um show. J\u00e1 pensou na possibilidade de escolher entre ouvir apenas o microfone do cantor com a banda ou destacar o som da plateia (para sentir como se estivesse l\u00e1) ou os dois? Quem j\u00e1 gostava de ter o controle da TV, em breve ter\u00e1, tamb\u00e9m, mais poder sobre o conte\u00fado. Falando nisso, os temas e propagandas tamb\u00e9m poder\u00e3o ser personalizados.<\/p>\n<p>Para o secret\u00e1rio de Radiodifus\u00e3o do Minist\u00e9rio das Comunica\u00e7\u00f5es (MCom), Wilson Wellisch, a experi\u00eancia ser\u00e1 mais completa. \u201cA TV ser\u00e1 muito mais din\u00e2mica e conectada \u00e0 internet, fazendo, por exemplo, com que aquele modelo de canais de TV aberta em que aparece n\u00famero por n\u00famero, seja substitu\u00eddo por uma navega\u00e7\u00e3o por aplicativos, com muito mais possibilidades de exibi\u00e7\u00e3o de conte\u00fados\u201d, explicou.<\/p>\n<p>TV 3.0 \u2013 Desde 2021, o MCom coordena, com o F\u00f3rum do Sistema Brasileiro de TV Digital Terrestre (SBTVD), o estudo desenvolvido por universidades brasileiras e parceiros da ind\u00fastria e do setor de radiodifus\u00e3o sobre tecnologias que ser\u00e3o integradas aos televisores que passar\u00e3o a ser fabricados a partir de 2025. As tecnologias candidatas para a TV 3.0 foram propostas por mais de 20 organiza\u00e7\u00f5es internacionais diferentes.<\/p>\n<p>Em fevereiro de 2022, o projeto entrou na terceira e \u00faltima fase, que consiste em teste complementares, pesquisa e desenvolvimento, al\u00e9m de padroniza\u00e7\u00e3o e demonstra\u00e7\u00f5es. Ao longo de 2022, foi feita a elabora\u00e7\u00e3o das especifica\u00e7\u00f5es t\u00e9cnicas para codifica\u00e7\u00e3o de v\u00eddeo, \u00e1udio e legendas, al\u00e9m do planejamento de todos os detalhes dos testes complementares e atividades que ser\u00e3o feitos em 2023 e 2024.<\/p>\n<p><img fetchpriority=\"high\" decoding=\"async\" class=\"wp-image-18821 aligncenter\" src=\"https:\/\/www.sertsc.org.br\/site\/wp-content\/uploads\/2023\/01\/Site-3-300x200.png\" alt=\"\" width=\"494\" height=\"329\" \/><\/p>\n<p>Fonte: Mcom<\/p>\n","protected":false},"excerpt":{"rendered":"<p>Pr\u00f3xima gera\u00e7\u00e3o de aparelhos vai trazer mais qualidade de imagem,&hellip;<\/p>\n<p> <a class=\"more-link\" href=\"https:\/\/sertsc.org.br\/site\/tv-3-0-entenda-a-tecnologia-que-promete-experiencias-imersivas-ao-telespectador\/\">Leia mais<\/a><\/p>\n","protected":false},"author":1,"featured_media":18821,"comment_status":"open","ping_status":"open","sticky":false,"template":"","format":"standard","meta":{"footnotes":""},"categories":[33,3],"tags":[],"class_list":{"0":"post-18818","1":"post","2":"type-post","3":"status-publish","4":"format-standard","5":"has-post-thumbnail","7":"category-destaques","8":"category-noticias"},"_links":{"self":[{"href":"https:\/\/sertsc.org.br\/site\/wp-json\/wp\/v2\/posts\/18818","targetHints":{"allow":["GET"]}}],"collection":[{"href":"https:\/\/sertsc.org.br\/site\/wp-json\/wp\/v2\/posts"}],"about":[{"href":"https:\/\/sertsc.org.br\/site\/wp-json\/wp\/v2\/types\/post"}],"author":[{"embeddable":true,"href":"https:\/\/sertsc.org.br\/site\/wp-json\/wp\/v2\/users\/1"}],"replies":[{"embeddable":true,"href":"https:\/\/sertsc.org.br\/site\/wp-json\/wp\/v2\/comments?post=18818"}],"version-history":[{"count":0,"href":"https:\/\/sertsc.org.br\/site\/wp-json\/wp\/v2\/posts\/18818\/revisions"}],"wp:featuredmedia":[{"embeddable":true,"href":"https:\/\/sertsc.org.br\/site\/wp-json\/"}],"wp:attachment":[{"href":"https:\/\/sertsc.org.br\/site\/wp-json\/wp\/v2\/media?parent=18818"}],"wp:term":[{"taxonomy":"category","embeddable":true,"href":"https:\/\/sertsc.org.br\/site\/wp-json\/wp\/v2\/categories?post=18818"},{"taxonomy":"post_tag","embeddable":true,"href":"https:\/\/sertsc.org.br\/site\/wp-json\/wp\/v2\/tags?post=18818"}],"curies":[{"name":"wp","href":"https:\/\/api.w.org\/{rel}","templated":true}]}}