{"id":18815,"date":"2023-01-18T14:18:56","date_gmt":"2023-01-18T17:18:56","guid":{"rendered":"https:\/\/www.sertsc.org.br\/site\/?p=18815"},"modified":"2023-01-18T14:18:56","modified_gmt":"2023-01-18T17:18:56","slug":"calendario-para-flexibilizacao-da-transmissao-do-programa-a-voz-do-brasil-deve-ser-publicado-na-proxima-semana","status":"publish","type":"post","link":"https:\/\/sertsc.org.br\/site\/calendario-para-flexibilizacao-da-transmissao-do-programa-a-voz-do-brasil-deve-ser-publicado-na-proxima-semana\/","title":{"rendered":"Calend\u00e1rio para flexibiliza\u00e7\u00e3o da transmiss\u00e3o do programa A Voz do Brasil deve ser publicado na pr\u00f3xima semana"},"content":{"rendered":"<p>O calend\u00e1rio para a flexibiliza\u00e7\u00e3o da transmiss\u00e3o do programa A Voz do Brasil deve ser publicado pelo Minist\u00e9rio das Comunica\u00e7\u00f5es (MCom) na pr\u00f3xima semana. O prazo para sugest\u00f5es foi aberto no dia 28 de dezembro e terminou na \u00faltima sexta-feira (13). O encerramento da Consulta P\u00fablica ser\u00e1 no pr\u00f3ximo dia 22 e, partir de ent\u00e3o, as datas dever\u00e3o ser publicadas.<\/p>\n<p>O calend\u00e1rio flexibiliza o hor\u00e1rio ou dispensa a retransmiss\u00e3o do programa A Voz do Brasil em 2023. Segundo o MCom, ao todo, foram feitas 111 sugest\u00f5es de datas, tendo abrang\u00eancia nacional, estadual, distrital ou municipal.<\/p>\n<p>A flexibiliza\u00e7\u00e3o ou dispensa da transmiss\u00e3o deve obedecer ao excepcional interesse p\u00fablico na divulga\u00e7\u00e3o de eventos, manifesta\u00e7\u00f5es ou acontecimentos de grande apelo ou repercuss\u00e3o p\u00fablica nacional, estadual, distrital ou municipal. A flexibiliza\u00e7\u00e3o poder\u00e1 ser adotada para transmiss\u00e3o de jogos com in\u00edcio marcado entre as 19h e 20h30.<\/p>\n<p>O programa poder\u00e1 ser retransmitido, sem cortes, com in\u00edcio at\u00e9 as vinte e tr\u00eas horas do mesmo dia e para transmiss\u00e3o de jogos com in\u00edcio marcado para depois das 20h30, o programa poder\u00e1 ser retransmitido, sem cortes, antes do jogo, nos hor\u00e1rios originalmente previstos, ou com in\u00edcio at\u00e9 as vinte e tr\u00eas horas e trinta minutos do mesmo dia.<\/p>\n<p><img fetchpriority=\"high\" decoding=\"async\" class=\"wp-image-18816 aligncenter\" src=\"https:\/\/www.sertsc.org.br\/site\/wp-content\/uploads\/2023\/01\/Site-1-3-300x200.png\" alt=\"\" width=\"488\" height=\"325\" \/><\/p>\n<p>Fonte: Tudo R\u00e1dio.<\/p>\n","protected":false},"excerpt":{"rendered":"<p>O calend\u00e1rio para a flexibiliza\u00e7\u00e3o da transmiss\u00e3o do programa A&hellip;<\/p>\n<p> <a class=\"more-link\" href=\"https:\/\/sertsc.org.br\/site\/calendario-para-flexibilizacao-da-transmissao-do-programa-a-voz-do-brasil-deve-ser-publicado-na-proxima-semana\/\">Leia mais<\/a><\/p>\n","protected":false},"author":1,"featured_media":18816,"comment_status":"open","ping_status":"open","sticky":false,"template":"","format":"standard","meta":{"footnotes":""},"categories":[33,3],"tags":[],"class_list":{"0":"post-18815","1":"post","2":"type-post","3":"status-publish","4":"format-standard","5":"has-post-thumbnail","7":"category-destaques","8":"category-noticias"},"_links":{"self":[{"href":"https:\/\/sertsc.org.br\/site\/wp-json\/wp\/v2\/posts\/18815","targetHints":{"allow":["GET"]}}],"collection":[{"href":"https:\/\/sertsc.org.br\/site\/wp-json\/wp\/v2\/posts"}],"about":[{"href":"https:\/\/sertsc.org.br\/site\/wp-json\/wp\/v2\/types\/post"}],"author":[{"embeddable":true,"href":"https:\/\/sertsc.org.br\/site\/wp-json\/wp\/v2\/users\/1"}],"replies":[{"embeddable":true,"href":"https:\/\/sertsc.org.br\/site\/wp-json\/wp\/v2\/comments?post=18815"}],"version-history":[{"count":0,"href":"https:\/\/sertsc.org.br\/site\/wp-json\/wp\/v2\/posts\/18815\/revisions"}],"wp:featuredmedia":[{"embeddable":true,"href":"https:\/\/sertsc.org.br\/site\/wp-json\/"}],"wp:attachment":[{"href":"https:\/\/sertsc.org.br\/site\/wp-json\/wp\/v2\/media?parent=18815"}],"wp:term":[{"taxonomy":"category","embeddable":true,"href":"https:\/\/sertsc.org.br\/site\/wp-json\/wp\/v2\/categories?post=18815"},{"taxonomy":"post_tag","embeddable":true,"href":"https:\/\/sertsc.org.br\/site\/wp-json\/wp\/v2\/tags?post=18815"}],"curies":[{"name":"wp","href":"https:\/\/api.w.org\/{rel}","templated":true}]}}