{"id":18786,"date":"2023-01-09T13:10:10","date_gmt":"2023-01-09T16:10:10","guid":{"rendered":"https:\/\/www.sertsc.org.br\/site\/?p=18786"},"modified":"2023-01-09T13:10:10","modified_gmt":"2023-01-09T16:10:10","slug":"levantamento-ano-comeca-com-930-estacoes-originadas-na-faixa-am-que-ja-estao-ativas-em-fm","status":"publish","type":"post","link":"https:\/\/sertsc.org.br\/site\/levantamento-ano-comeca-com-930-estacoes-originadas-na-faixa-am-que-ja-estao-ativas-em-fm\/","title":{"rendered":"Levantamento: Ano come\u00e7a com 930 esta\u00e7\u00f5es originadas na faixa AM que j\u00e1 est\u00e3o ativas em FM"},"content":{"rendered":"<p>O Brasil virou o ano com 930 esta\u00e7\u00f5es em opera\u00e7\u00e3o no FM que foram originadas na faixa AM. Segundo o levantamento realizado pelo tudoradio.com, que mapeia as migrantes AM-FM j\u00e1 em opera\u00e7\u00e3o, esse n\u00famero foi alcan\u00e7ado ainda em dezembro, mas ele pode mudar nas pr\u00f3ximas horas. A \u00faltima esta\u00e7\u00e3o catalogada e mapeada pelo sistema Dials AM\/FM tudoradio.com foi no interior do Amazonas, e a reta final de 2022 deu uma mexida em dials FMs de \u00e1reas com alta densidade populacional, como a Grande S\u00e3o Paulo, Regi\u00e3o de Ribeir\u00e3o Preto (SP) e a Serra Ga\u00facha, envolvendo canais em FM convencional (88.1 FM a 107.9 FM) e tamb\u00e9m eFM (estendido, entre 76.1 FM e 87.3 FM). Acompanhe:<\/p>\n<p>O estado de S\u00e3o Paulo segue com o maior n\u00famero de migrantes AM-FM mapeadas pelo sistema Dials AM\/FM tudoradio.com, com suas respectivas coberturas em FM j\u00e1 conhecidas e catalogadas, totalizando 128 esta\u00e7\u00f5es. As \u00faltimas entradas por l\u00e1 ocorreram na Grande S\u00e3o Paulo (atrav\u00e9s da Vibe Mundial FM 83.1, concess\u00e3o originada em Santa Isabel), Regi\u00e3o de Ribeir\u00e3o Preto (Cultura FM 90.1 de Monte Alto) e Sorocaba (Class FM 80.1). Tamb\u00e9m h\u00e1 a iminente entrada da R\u00e1dio Bragan\u00e7a FM 79.7 de Bragan\u00e7a Paulista.<\/p>\n<p>O Paran\u00e1, que desde o in\u00edcio do processo tem apresentado um ritmo de expans\u00e3o da migra\u00e7\u00e3o AM-FM acima da m\u00e9dia em rela\u00e7\u00e3o aos demais estados, registrou mais tr\u00eas migrantes ativas em FM. Foram elas: Massa FM 104.5 de Toledo, R\u00e1dio Cidade Pato Branco FM 99.9 de Pato Branco e R\u00e1dio Club FM 101.5 de Faxinal, totalizando 118 esta\u00e7\u00f5es no levantamento.<\/p>\n<p>Minas Gerais contou com mais duas migrantes AM-FM ativas, totalizando 105 esta\u00e7\u00f5es. Em dezembro foram percebidas no ar as esta\u00e7\u00f5es R\u00e1dio Itabira FM 91.9 de Itabira e tamb\u00e9m a R\u00e1dio Difusora Bondespachense FM 91.1 de Bom Despacho.<\/p>\n<p>Novamente no sul, o Rio Grande do Sul contou com um dezembro movimentado, com a estreia da R\u00e1dio Sarandi FM 103.3 de Sarandi, o in\u00edcio da transmiss\u00e3o experimental da R\u00e1dio Cidade Gospel FM 82.9 de Caxias do Sul e tamb\u00e9m da R\u00e1dio Cultura FM 103.1 de Arvorezinha, totalizando 84 esta\u00e7\u00f5es mapeadas pelo levantamento.<\/p>\n<p>Tamb\u00e9m foi destaque a entrada no ar da R\u00e1dio Difusora Goi\u00e2nia FM 95.5 de Goi\u00e2nia (GO), ampliando a presen\u00e7a de migrantes AM-FM no dial FM convencional da capital goiana. A esta\u00e7\u00e3o iniciou sua opera\u00e7\u00e3o experimental em dezembro e oficializou a entrada no dial no mesmo m\u00eas, mas estreou nova grade agora em janeiro.<\/p>\n<p>O \u00faltimo registro de 2022 foi em Manicor\u00e9 (Amazonas), atrav\u00e9s da emissora Rio Madeira FM 91.1. Tamb\u00e9m ocorreram as estradas das emissoras R\u00e1dio Santa Cruz FM 98.3 de Santa Cruz (RN), R\u00e1dio Frequ\u00eancia FM 94.7 de Garopaba (SC), FM Pat\u00fa News FM 92.9 de Senador Pompeu (CE), entre outras.<\/p>\n<p>N\u00e3o \u00e9 s\u00f3 o in\u00edcio da transmiss\u00e3o em FM que conta<\/p>\n<p>V\u00e1rias migrantes AM-FM j\u00e1 ativas no dial FM t\u00eam registrado mudan\u00e7as importantes nos \u00faltimos meses, sejam trocas de projetos, estreias oficiais e at\u00e9 mudan\u00e7as de porte t\u00e9cnico. Um exemplo \u00e9 a Jo\u00e3o Pessoa FM 97.7 de Jo\u00e3o Pessoa (PB), que iniciou sua transmiss\u00e3o experimental no final de novembro e vai concretizar sua estreia oficial a partir da pr\u00f3xima segunda-feira (9).<\/p>\n<p>Entre as novas FMs de porte t\u00e9cnico alterados, est\u00e3o migrantes AM-FM como a R\u00e1dio Jornal FM 107.1 de Indaiatuba (SP), que foi de C para A4, ou seja, a esta\u00e7\u00e3o passou a ter cobertura regional de sinal na Grande Campinas e arredores, fato constatado pelo Mapa da Atualiza\u00e7\u00e3o neste domingo (8).<\/p>\n<p>Sobre estreias e trocas de programa\u00e7\u00e3o, a Massa FM est\u00e1 envolvida em dois casos recentes no Paran\u00e1: a at\u00e9 ent\u00e3o R\u00e1dio Integra\u00e7\u00e3o AM de Toledo efetivou sua ida para o FM e j\u00e1 virou uma afiliada da rede, passando a se identificar como Massa FM 104.5. No norte do estado, o mercado acompanhou a implanta\u00e7\u00e3o final da Massa FM 88.1 de Mandaguari (PR), apresentada como &#8220;Massa FM Guairac\u00e1&#8221;, alusiva \u00e0 antiga R\u00e1dio Guairac\u00e1 AM.<\/p>\n<p><img fetchpriority=\"high\" decoding=\"async\" class=\"wp-image-18787 aligncenter\" src=\"https:\/\/www.sertsc.org.br\/site\/wp-content\/uploads\/2023\/01\/Site-5-300x200.png\" alt=\"\" width=\"503\" height=\"335\" \/><\/p>\n<p>Fonte: Tudo R\u00e1dio.<\/p>\n","protected":false},"excerpt":{"rendered":"<p>O Brasil virou o ano com 930 esta\u00e7\u00f5es em opera\u00e7\u00e3o&hellip;<\/p>\n<p> <a class=\"more-link\" href=\"https:\/\/sertsc.org.br\/site\/levantamento-ano-comeca-com-930-estacoes-originadas-na-faixa-am-que-ja-estao-ativas-em-fm\/\">Leia mais<\/a><\/p>\n","protected":false},"author":1,"featured_media":18787,"comment_status":"open","ping_status":"open","sticky":false,"template":"","format":"standard","meta":{"footnotes":""},"categories":[33,3],"tags":[],"class_list":{"0":"post-18786","1":"post","2":"type-post","3":"status-publish","4":"format-standard","5":"has-post-thumbnail","7":"category-destaques","8":"category-noticias"},"_links":{"self":[{"href":"https:\/\/sertsc.org.br\/site\/wp-json\/wp\/v2\/posts\/18786","targetHints":{"allow":["GET"]}}],"collection":[{"href":"https:\/\/sertsc.org.br\/site\/wp-json\/wp\/v2\/posts"}],"about":[{"href":"https:\/\/sertsc.org.br\/site\/wp-json\/wp\/v2\/types\/post"}],"author":[{"embeddable":true,"href":"https:\/\/sertsc.org.br\/site\/wp-json\/wp\/v2\/users\/1"}],"replies":[{"embeddable":true,"href":"https:\/\/sertsc.org.br\/site\/wp-json\/wp\/v2\/comments?post=18786"}],"version-history":[{"count":0,"href":"https:\/\/sertsc.org.br\/site\/wp-json\/wp\/v2\/posts\/18786\/revisions"}],"wp:featuredmedia":[{"embeddable":true,"href":"https:\/\/sertsc.org.br\/site\/wp-json\/"}],"wp:attachment":[{"href":"https:\/\/sertsc.org.br\/site\/wp-json\/wp\/v2\/media?parent=18786"}],"wp:term":[{"taxonomy":"category","embeddable":true,"href":"https:\/\/sertsc.org.br\/site\/wp-json\/wp\/v2\/categories?post=18786"},{"taxonomy":"post_tag","embeddable":true,"href":"https:\/\/sertsc.org.br\/site\/wp-json\/wp\/v2\/tags?post=18786"}],"curies":[{"name":"wp","href":"https:\/\/api.w.org\/{rel}","templated":true}]}}