{"id":18780,"date":"2023-01-05T13:59:22","date_gmt":"2023-01-05T16:59:22","guid":{"rendered":"https:\/\/www.sertsc.org.br\/site\/?p=18780"},"modified":"2023-01-05T13:59:22","modified_gmt":"2023-01-05T16:59:22","slug":"ministro-das-comunicacoes-toma-posse-e-reitera-compromisso-de-promover-inclusao-digital","status":"publish","type":"post","link":"https:\/\/sertsc.org.br\/site\/ministro-das-comunicacoes-toma-posse-e-reitera-compromisso-de-promover-inclusao-digital\/","title":{"rendered":"Ministro das Comunica\u00e7\u00f5es toma posse e reitera compromisso de promover inclus\u00e3o digital"},"content":{"rendered":"<p>Juscelino Filho destacou que esfor\u00e7os ser\u00e3o direcionados a a\u00e7\u00f5es que viabilizem a democratiza\u00e7\u00e3o do acesso \u00e0 internet e contribuam para desenvolvimento socioecon\u00f4mico do pa\u00eds<\/p>\n<p>O ministro das Comunica\u00e7\u00f5es, Juscelino Filho, tomou posse em cerim\u00f4nia realizada nesta segunda-feira (2), na sede da Pasta, em Bras\u00edlia. Durante a solenidade para transmiss\u00e3o do cargo, destacou que entre os principais compromissos est\u00e1 ampliar o acesso dos brasileiros \u00e0 internet, melhorar a conectividade em escolas e recuperar a imagem e credibilidade dos Correios. Juscelino Filho acrescentou, ainda, que atuar\u00e1 para expandir o acesso \u00e0 tecnologia 5G no Brasil, desburocratizar processos e otimizar o uso de recursos no \u00e2mbito setorial.<\/p>\n<p>\u201cA inclus\u00e3o digital com equidade e qualidade, a universalidade, a democratiza\u00e7\u00e3o e a populariza\u00e7\u00e3o do acesso \u00e0 informa\u00e7\u00e3o via internet, a melhoria da educa\u00e7\u00e3o e da qualidade do ensino via conectividade das escolas s\u00e3o t\u00f3picos de m\u00e1xima prioridade\u201d, enfatizou o novo ministro das Comunica\u00e7\u00f5es. No discurso, tamb\u00e9m incluiu entre as pautas a amplia\u00e7\u00e3o da quinta gera\u00e7\u00e3o de internet m\u00f3vel. \u201cNa telefonia, o tema central \u00e9 a maximiza\u00e7\u00e3o da incorpora\u00e7\u00e3o da tecnologia 5G sobretudo a acelera\u00e7\u00e3o da expans\u00e3o do acesso \u00e0s facilidades e do alcance territorial\u201d, pontuou.<\/p>\n<p>O ministro ressaltou que o \u201cMinist\u00e9rio das Comunica\u00e7\u00f5es (MCom) tem relev\u00e2ncia estrat\u00e9gica, hist\u00f3rica e decisiva para o desenvolvimento econ\u00f4mico social do nosso pa\u00eds e para a integra\u00e7\u00e3o nacional\u201d. De acordo com ele, ser\u00e1 implementada uma agenda positiva e a gest\u00e3o ser\u00e1 pautada pela incorpora\u00e7\u00e3o de experi\u00eancias de sucesso e melhores pr\u00e1ticas do Governo Federal. Os esfor\u00e7os ser\u00e3o dedicados \u00e0 recomposi\u00e7\u00e3o de investimentos, aperfei\u00e7oamento de governan\u00e7a, continuidade de programas e \u00e0 inova\u00e7\u00e3o.<\/p>\n<p>Al\u00e9m disso, acrescentou que ir\u00e1 manter um di\u00e1logo pr\u00f3ximo e permanente com o Congresso Nacional. Tamb\u00e9m ir\u00e1 liderar a articula\u00e7\u00e3o do Minist\u00e9rio com a sociedade. \u201cN\u00f3s estamos diante da imperd\u00edvel chance de ajudar na melhoria das condi\u00e7\u00f5es e da qualidade de vida do povo brasileiro, na redu\u00e7\u00e3o das desigualdades, na cria\u00e7\u00e3o de oportunidades, na gera\u00e7\u00e3o de neg\u00f3cios de emprego e de renda\u201d, declarou, mencionando a import\u00e2ncia do papel da Telebras e da Ag\u00eancia Nacional de Telecomunica\u00e7\u00f5es (Anatel) na concretiza\u00e7\u00e3o do trabalho.<\/p>\n<p>FORTALECIMENTO DOS CORREIOS \u2013 O ministro das Comunica\u00e7\u00f5es comentou a decis\u00e3o do presidente do Brasil, Luiz In\u00e1cio Lula da Silva, de retirar a Empresa Brasileira de Correios e Tel\u00e9grafos (ECT) do Programa Nacional de Desestatiza\u00e7\u00e3o. Segundo ele, ser\u00e3o adotadas a\u00e7\u00f5es para fortalecer a estatal. \u201cA meta \u00e9 refor\u00e7ar o papel da empresa na oferta de cidadania como parceira dos programas sociais destinados \u00e0 popula\u00e7\u00e3o carente e das regi\u00f5es mais distantes atrav\u00e9s da sua incompar\u00e1vel capilaridade\u201d, disse Filho. Tamb\u00e9m ser\u00e3o feitos investimentos de moderniza\u00e7\u00e3o para desencadear atualiza\u00e7\u00e3o do parque tecnol\u00f3gico e dos insumos log\u00edsticos.<\/p>\n<p>Estiveram presentes na solenidade o deputado federal e presidente do Uni\u00e3o Brasil, Luciano Bivar; o chefe da Casa Civil do Governo do Maranh\u00e3o, Sebasti\u00e3o Madeira; o presidente da Anatel, Carlos Baigorri; a prefeita de Vitorino Freire, Luana Bringel; o presidente interino dos Correios, Heglehyschynton Val\u00e9rio Mar\u00e7al; o presidente da Telebr\u00e1s, Jarbas Jos\u00e9 Valente; o presidente da Assespro, Christian Tadeu; a senadora Dorinha Seabra, al\u00e9m de representantes de associa\u00e7\u00f5es e empresas de radiodifus\u00e3o brasileira e deputados federais.<\/p>\n<p><img fetchpriority=\"high\" decoding=\"async\" class=\"wp-image-18781 aligncenter\" src=\"https:\/\/www.sertsc.org.br\/site\/wp-content\/uploads\/2023\/01\/Site-1-300x200.png\" alt=\"\" width=\"497\" height=\"331\" \/><\/p>\n<p>Fonte: MCOM.<\/p>\n","protected":false},"excerpt":{"rendered":"<p>Juscelino Filho destacou que esfor\u00e7os ser\u00e3o direcionados a a\u00e7\u00f5es que&hellip;<\/p>\n<p> <a class=\"more-link\" href=\"https:\/\/sertsc.org.br\/site\/ministro-das-comunicacoes-toma-posse-e-reitera-compromisso-de-promover-inclusao-digital\/\">Leia mais<\/a><\/p>\n","protected":false},"author":1,"featured_media":18781,"comment_status":"open","ping_status":"open","sticky":false,"template":"","format":"standard","meta":{"footnotes":""},"categories":[33,3],"tags":[],"class_list":{"0":"post-18780","1":"post","2":"type-post","3":"status-publish","4":"format-standard","5":"has-post-thumbnail","7":"category-destaques","8":"category-noticias"},"_links":{"self":[{"href":"https:\/\/sertsc.org.br\/site\/wp-json\/wp\/v2\/posts\/18780","targetHints":{"allow":["GET"]}}],"collection":[{"href":"https:\/\/sertsc.org.br\/site\/wp-json\/wp\/v2\/posts"}],"about":[{"href":"https:\/\/sertsc.org.br\/site\/wp-json\/wp\/v2\/types\/post"}],"author":[{"embeddable":true,"href":"https:\/\/sertsc.org.br\/site\/wp-json\/wp\/v2\/users\/1"}],"replies":[{"embeddable":true,"href":"https:\/\/sertsc.org.br\/site\/wp-json\/wp\/v2\/comments?post=18780"}],"version-history":[{"count":0,"href":"https:\/\/sertsc.org.br\/site\/wp-json\/wp\/v2\/posts\/18780\/revisions"}],"wp:featuredmedia":[{"embeddable":true,"href":"https:\/\/sertsc.org.br\/site\/wp-json\/"}],"wp:attachment":[{"href":"https:\/\/sertsc.org.br\/site\/wp-json\/wp\/v2\/media?parent=18780"}],"wp:term":[{"taxonomy":"category","embeddable":true,"href":"https:\/\/sertsc.org.br\/site\/wp-json\/wp\/v2\/categories?post=18780"},{"taxonomy":"post_tag","embeddable":true,"href":"https:\/\/sertsc.org.br\/site\/wp-json\/wp\/v2\/tags?post=18780"}],"curies":[{"name":"wp","href":"https:\/\/api.w.org\/{rel}","templated":true}]}}