{"id":18777,"date":"2023-01-05T12:39:26","date_gmt":"2023-01-05T15:39:26","guid":{"rendered":"https:\/\/www.sertsc.org.br\/site\/?p=18777"},"modified":"2023-01-05T12:39:26","modified_gmt":"2023-01-05T15:39:26","slug":"cct-de-2023","status":"publish","type":"post","link":"https:\/\/sertsc.org.br\/site\/cct-de-2023\/","title":{"rendered":"Conven\u00e7\u00e3o-Coletiva  &#8211; CCT de 2023"},"content":{"rendered":"<p>A Conven\u00e7\u00e3o Coletiva de Trabalho de 2022 regulamentou dentre outras altera\u00e7\u00f5es, a mudan\u00e7a de data base de PRIMEIRO DE JANEIRO para PRIMEIRO DE MAR\u00c7O. Esta informa\u00e7\u00e3o \u00e9 importante e deve ser repassada para a CONTABILIDADE e para o departamento de RECURSOS HUMANOS. Isso tudo porque neste ano de 2023 inicia a aplica\u00e7\u00e3o do que ser\u00e1 acordado na CCT de 2023 a partir dos pagamentos relativos a mar\u00e7o.<\/p>\n<p>O encaminhamento das negocia\u00e7\u00f5es entre os integrantes da comiss\u00e3o (acordada em assembleia geral extraordin\u00e1ria) e os sindicatos dos trabalhadores ser\u00e1 reportado por email e pelo grupo de WhatsApp dos FILIADOS.<\/p>\n<p>Qualquer d\u00favida a nossa assessoria jur\u00eddica est\u00e1 \u00e0 disposi\u00e7\u00e3o pelo e-mail sert@sertsc.org.br<\/p>\n","protected":false},"excerpt":{"rendered":"<p>A Conven\u00e7\u00e3o Coletiva de Trabalho de 2022 regulamentou dentre outras&hellip;<\/p>\n<p> <a class=\"more-link\" href=\"https:\/\/sertsc.org.br\/site\/cct-de-2023\/\">Leia mais<\/a><\/p>\n","protected":false},"author":1,"featured_media":18778,"comment_status":"open","ping_status":"open","sticky":false,"template":"","format":"standard","meta":{"footnotes":""},"categories":[33,3],"tags":[],"class_list":{"0":"post-18777","1":"post","2":"type-post","3":"status-publish","4":"format-standard","5":"has-post-thumbnail","7":"category-destaques","8":"category-noticias"},"_links":{"self":[{"href":"https:\/\/sertsc.org.br\/site\/wp-json\/wp\/v2\/posts\/18777","targetHints":{"allow":["GET"]}}],"collection":[{"href":"https:\/\/sertsc.org.br\/site\/wp-json\/wp\/v2\/posts"}],"about":[{"href":"https:\/\/sertsc.org.br\/site\/wp-json\/wp\/v2\/types\/post"}],"author":[{"embeddable":true,"href":"https:\/\/sertsc.org.br\/site\/wp-json\/wp\/v2\/users\/1"}],"replies":[{"embeddable":true,"href":"https:\/\/sertsc.org.br\/site\/wp-json\/wp\/v2\/comments?post=18777"}],"version-history":[{"count":0,"href":"https:\/\/sertsc.org.br\/site\/wp-json\/wp\/v2\/posts\/18777\/revisions"}],"wp:featuredmedia":[{"embeddable":true,"href":"https:\/\/sertsc.org.br\/site\/wp-json\/"}],"wp:attachment":[{"href":"https:\/\/sertsc.org.br\/site\/wp-json\/wp\/v2\/media?parent=18777"}],"wp:term":[{"taxonomy":"category","embeddable":true,"href":"https:\/\/sertsc.org.br\/site\/wp-json\/wp\/v2\/categories?post=18777"},{"taxonomy":"post_tag","embeddable":true,"href":"https:\/\/sertsc.org.br\/site\/wp-json\/wp\/v2\/tags?post=18777"}],"curies":[{"name":"wp","href":"https:\/\/api.w.org\/{rel}","templated":true}]}}