{"id":18774,"date":"2023-01-04T09:55:34","date_gmt":"2023-01-04T12:55:34","guid":{"rendered":"https:\/\/www.sertsc.org.br\/site\/?p=18774"},"modified":"2023-01-04T09:55:34","modified_gmt":"2023-01-04T12:55:34","slug":"ministerio-das-comunicacoes-passa-por-alteracoes","status":"publish","type":"post","link":"https:\/\/sertsc.org.br\/site\/ministerio-das-comunicacoes-passa-por-alteracoes\/","title":{"rendered":"Minist\u00e9rio das Comunica\u00e7\u00f5es passa por altera\u00e7\u00f5es"},"content":{"rendered":"<p>O Minist\u00e9rio das Comunica\u00e7\u00f5es (MCom) ter\u00e1 uma nova estrutura a partir do dia 24 de janeiro. O decreto com as altera\u00e7\u00f5es est\u00e1 no Decreto n\u00ba 11.335 publicado no domingo (1\u00ba) <a href=\"https:\/\/www.in.gov.br\/en\/web\/dou\/-\/decreto-n-11.335-de-1-de-janeiro-de-2023-455350756?utm_term=ABERT+Informa+-+MCom+tera+nova+estrutura&amp;utm_campaign=LISTA+GLOBAL&amp;utm_source=e-goi&amp;utm_medium=email\">AQUI<\/a><\/p>\n<p>A Secretaria de Radiodifus\u00e3o passa a ser denominada de Secretaria de Comunica\u00e7\u00e3o Social Eletr\u00f4nica e contar\u00e1 com tr\u00eas departamentos: de Inova\u00e7\u00e3o, Regulamenta\u00e7\u00e3o e Fiscaliza\u00e7\u00e3o; de Redes Privadas; e um departamento de Redes P\u00fablicas, Comunit\u00e1rias e Estatais de Radiodifus\u00e3o.<\/p>\n<p>Os departamentos de Pol\u00edtica Setorial, de Investimento em Infraestrutura e Inova\u00e7\u00e3o e de Inclus\u00e3o Digital comp\u00f5em a Secretaria de Telecomunica\u00e7\u00f5es.<\/p>\n<p>J\u00e1 a Secretaria de Comunica\u00e7\u00e3o Social (Secom) volta a ser vinculada ao Pal\u00e1cio do Planalto e ter\u00e1 status de minist\u00e9rio.<\/p>\n<p>Fonte: ABERT<\/p>\n","protected":false},"excerpt":{"rendered":"<p>O Minist\u00e9rio das Comunica\u00e7\u00f5es (MCom) ter\u00e1 uma nova estrutura a&hellip;<\/p>\n<p> <a class=\"more-link\" href=\"https:\/\/sertsc.org.br\/site\/ministerio-das-comunicacoes-passa-por-alteracoes\/\">Leia mais<\/a><\/p>\n","protected":false},"author":1,"featured_media":18775,"comment_status":"open","ping_status":"open","sticky":false,"template":"","format":"standard","meta":{"footnotes":""},"categories":[33,3],"tags":[],"class_list":{"0":"post-18774","1":"post","2":"type-post","3":"status-publish","4":"format-standard","5":"has-post-thumbnail","7":"category-destaques","8":"category-noticias"},"_links":{"self":[{"href":"https:\/\/sertsc.org.br\/site\/wp-json\/wp\/v2\/posts\/18774","targetHints":{"allow":["GET"]}}],"collection":[{"href":"https:\/\/sertsc.org.br\/site\/wp-json\/wp\/v2\/posts"}],"about":[{"href":"https:\/\/sertsc.org.br\/site\/wp-json\/wp\/v2\/types\/post"}],"author":[{"embeddable":true,"href":"https:\/\/sertsc.org.br\/site\/wp-json\/wp\/v2\/users\/1"}],"replies":[{"embeddable":true,"href":"https:\/\/sertsc.org.br\/site\/wp-json\/wp\/v2\/comments?post=18774"}],"version-history":[{"count":0,"href":"https:\/\/sertsc.org.br\/site\/wp-json\/wp\/v2\/posts\/18774\/revisions"}],"wp:featuredmedia":[{"embeddable":true,"href":"https:\/\/sertsc.org.br\/site\/wp-json\/"}],"wp:attachment":[{"href":"https:\/\/sertsc.org.br\/site\/wp-json\/wp\/v2\/media?parent=18774"}],"wp:term":[{"taxonomy":"category","embeddable":true,"href":"https:\/\/sertsc.org.br\/site\/wp-json\/wp\/v2\/categories?post=18774"},{"taxonomy":"post_tag","embeddable":true,"href":"https:\/\/sertsc.org.br\/site\/wp-json\/wp\/v2\/tags?post=18774"}],"curies":[{"name":"wp","href":"https:\/\/api.w.org\/{rel}","templated":true}]}}