{"id":18771,"date":"2023-01-03T10:56:06","date_gmt":"2023-01-03T13:56:06","guid":{"rendered":"https:\/\/www.sertsc.org.br\/site\/?p=18771"},"modified":"2023-01-03T10:56:06","modified_gmt":"2023-01-03T13:56:06","slug":"em-enquete-64-dos-participantes-desejam-que-musicas-integrem-a-programacao-de-radio","status":"publish","type":"post","link":"https:\/\/sertsc.org.br\/site\/em-enquete-64-dos-participantes-desejam-que-musicas-integrem-a-programacao-de-radio\/","title":{"rendered":"Em enquete, 64% dos participantes desejam que m\u00fasicas integrem a programa\u00e7\u00e3o de r\u00e1dio"},"content":{"rendered":"<p>Nos \u00faltimos anos tem sido comum a discuss\u00e3o sobre qual tipo de conte\u00fado deve predominar numa programa\u00e7\u00e3o de r\u00e1dio, com ressalvas para como se deve aplicar esse planejamento a depender do formato da esta\u00e7\u00e3o. Isso ocorre entre profissionais do setor e tamb\u00e9m entre os ouvintes de r\u00e1dio. Para medir essa temperatura, na reta final de 2022 o tudoradio.com publicou uma enquete onde os visitantes do portal indicavam as suas prefer\u00eancias, se valia mais uma grade mais musical, ou de jornalismo e com qual tipo de conte\u00fado o esporte deveria dividir espa\u00e7os. Para 64% dos participantes, a m\u00fasica deve compor a grade de uma r\u00e1dio de alguma maneira. Mas os recortes das perguntas mostram uma diferen\u00e7a entre o peso musical na programa\u00e7\u00e3o. Acompanhe:<\/p>\n<p>Em resumo, 64% dos participantes escolheram op\u00e7\u00f5es na enquete que envolve a m\u00fasica de alguma forma na grade da r\u00e1dio, mas apenas 29% desejam que ela seja o \u201ccarro-chefe\u201d da esta\u00e7\u00e3o. Por\u00e9m esse quadro est\u00e1 pass\u00edvel de diferentes interpreta\u00e7\u00f5es. O motivo \u00e9 simples: apesar de n\u00e3o ser a escolha da maioria absoluta, a resposta que indica a m\u00fasica como predominante foi a op\u00e7\u00e3o mais escolhida pelos participantes.<\/p>\n<p>Na sequ\u00eancia, para 21% dos participantes, uma grade esportiva deve ser mesclada com uma programa\u00e7\u00e3o musical. Contrastando com a escolha de 16% dos participantes, que preferem que o esporte seja complementado com uma grade de jornalismo.<\/p>\n<p>J\u00e1 para 20% a programa\u00e7\u00e3o de r\u00e1dio desej\u00e1vel \u00e9 aquela de jornalismo e que tenha programas no formato de talk-show, sendo esta a terceira op\u00e7\u00e3o da enquete mais votada pelos participantes.<\/p>\n<p>Por fim, com menos votos, mas engrossando o contingente que opta por m\u00fasica, 14% preferem \u201cuma r\u00e1dio que tenha mais programas de entretenimento, tendo a m\u00fasica como algo secund\u00e1rio\u201d.<\/p>\n<p>Vale ressaltar que a enquete n\u00e3o conta com processo cient\u00edfico de avalia\u00e7\u00e3o, sendo apenas uma forma de saber como foi o comportamento dos visitantes do portal perante o tema proposto. O questionamento esteve em vig\u00eancia entre a primeira quinzena de agosto e o final de dezembro. E o n\u00famero total de participa\u00e7\u00f5es foi de 11197.<\/p>\n<p>A discuss\u00e3o<\/p>\n<p>\u00c9 fato que a presen\u00e7a da m\u00fasica na grade e seu grau de import\u00e2ncia na programa\u00e7\u00e3o \u00e9 algo discutido com frequ\u00eancia pelos profissionais e analisas do r\u00e1dio. A m\u00fasica segue como algo fundamental na composi\u00e7\u00e3o de uma grade e, com base em pesquisas recentes, os ouvintes procuram o r\u00e1dio para ouvir elas. Mas h\u00e1 uma oferta crescente de outros servi\u00e7os de m\u00fasica, que personalizam ainda mais a experi\u00eancia do p\u00fablico, como as plataformas de streaming.<\/p>\n<p>O papel da m\u00fasica no r\u00e1dio tem se alterado ao longo do tempo e sempre conviveu com alguma concorr\u00eancia de outras formas de acesso. Neste momento, em formatos que buscam mais volume de audi\u00eancia, o r\u00e1dio opera como um curador musical de credibilidade, onde pessoas que entendem do assunto indicam o que \u00e9 sucesso e prolongam a perman\u00eancia desses hits nas paradas musicais, al\u00e9m de relembrar a audi\u00eancia daquele sons que \u201ctodo mundo sabe cantar\u201d.<\/p>\n<p>No Brasil, segundo o \u00faltimo Inside Radio (2022), estudo da Kantar IBOPE Media, a m\u00fasica est\u00e1 na lideran\u00e7a do &#8220;top 3 motivos&#8221; para se ouvir r\u00e1dio no Brasil: 49% afirmam que consomem r\u00e1dio para ouvir m\u00fasica, 43% para companhia e 31% pelo fato do meio trazer not\u00edcias de forma r\u00e1pida.<\/p>\n<p><img fetchpriority=\"high\" decoding=\"async\" class=\"wp-image-18772 aligncenter\" src=\"https:\/\/www.sertsc.org.br\/site\/wp-content\/uploads\/2023\/01\/Design-sem-nome-300x251.png\" alt=\"\" width=\"524\" height=\"438\" \/><\/p>\n<p>Fonte: Tudo R\u00e1dio.<\/p>\n","protected":false},"excerpt":{"rendered":"<p>Nos \u00faltimos anos tem sido comum a discuss\u00e3o sobre qual&hellip;<\/p>\n<p> <a class=\"more-link\" href=\"https:\/\/sertsc.org.br\/site\/em-enquete-64-dos-participantes-desejam-que-musicas-integrem-a-programacao-de-radio\/\">Leia mais<\/a><\/p>\n","protected":false},"author":1,"featured_media":18772,"comment_status":"open","ping_status":"open","sticky":false,"template":"","format":"standard","meta":{"footnotes":""},"categories":[33,3],"tags":[],"class_list":{"0":"post-18771","1":"post","2":"type-post","3":"status-publish","4":"format-standard","5":"has-post-thumbnail","7":"category-destaques","8":"category-noticias"},"_links":{"self":[{"href":"https:\/\/sertsc.org.br\/site\/wp-json\/wp\/v2\/posts\/18771","targetHints":{"allow":["GET"]}}],"collection":[{"href":"https:\/\/sertsc.org.br\/site\/wp-json\/wp\/v2\/posts"}],"about":[{"href":"https:\/\/sertsc.org.br\/site\/wp-json\/wp\/v2\/types\/post"}],"author":[{"embeddable":true,"href":"https:\/\/sertsc.org.br\/site\/wp-json\/wp\/v2\/users\/1"}],"replies":[{"embeddable":true,"href":"https:\/\/sertsc.org.br\/site\/wp-json\/wp\/v2\/comments?post=18771"}],"version-history":[{"count":0,"href":"https:\/\/sertsc.org.br\/site\/wp-json\/wp\/v2\/posts\/18771\/revisions"}],"wp:featuredmedia":[{"embeddable":true,"href":"https:\/\/sertsc.org.br\/site\/wp-json\/"}],"wp:attachment":[{"href":"https:\/\/sertsc.org.br\/site\/wp-json\/wp\/v2\/media?parent=18771"}],"wp:term":[{"taxonomy":"category","embeddable":true,"href":"https:\/\/sertsc.org.br\/site\/wp-json\/wp\/v2\/categories?post=18771"},{"taxonomy":"post_tag","embeddable":true,"href":"https:\/\/sertsc.org.br\/site\/wp-json\/wp\/v2\/tags?post=18771"}],"curies":[{"name":"wp","href":"https:\/\/api.w.org\/{rel}","templated":true}]}}