{"id":18764,"date":"2022-12-23T08:52:43","date_gmt":"2022-12-23T11:52:43","guid":{"rendered":"https:\/\/www.sertsc.org.br\/site\/?p=18764"},"modified":"2022-12-23T08:52:43","modified_gmt":"2022-12-23T11:52:43","slug":"retrospectiva-sert-sc-2022","status":"publish","type":"post","link":"https:\/\/sertsc.org.br\/site\/retrospectiva-sert-sc-2022\/","title":{"rendered":"Retrospectiva SERT\/SC 2022"},"content":{"rendered":"<p>Um ano de muitos desafios e tamb\u00e9m de muitas realiza\u00e7\u00f5es. Nova gest\u00e3o, nova equipe, mas a vontade de acertar de sempre.<\/p>\n<p>Nada melhor do que voc\u00ea assumir uma casa que traz como heran\u00e7a ser exemplo de funcionamento e efici\u00eancia. Depois de negocia\u00e7\u00f5es durante os tr\u00eas primeiros meses do ano, foi conclu\u00edda a CCT 2022 em mar\u00e7o, com altera\u00e7\u00f5es h\u00e1 muito dialogadas entre as partes.<\/p>\n<p>As redes sociais do SERT\/SC ganharam cara nova. Quadros como Galeria das Filiadas e as datas promocionais mostraram que o que temos de melhor sem d\u00favida s\u00e3o os nossos filiados. A participa\u00e7\u00e3o e o engajamento das equipes das emissoras \u00e9 uma palinha de todo o potencial da radiodifus\u00e3o da nossa regi\u00e3o.<\/p>\n<p>Para aproximar ainda mais o sindicato dos filiados participamos em maio do Congresso da ACAERT. O t\u00e3o comentado sof\u00e1 do stand do SERT\/SC foi o ponto de encontro para troca de ideias, muitas reflex\u00f5es e, claro, muitas risadas. Ningu\u00e9m saiu dali sem uma foto, e a equipe do SERT fez quest\u00e3o de registrar tudinho. Esse de fato foi o congresso dos encontros e reencontros afinal todos j\u00e1 est\u00e1vamos com saudade do calor humano.<\/p>\n<p>Em abril o SERT Jovem fez a visita t\u00e9cnica a tr\u00eas r\u00e1dios de Jaragu\u00e1 do Sul que s\u00e3o refer\u00eancia em tecnologia e gest\u00e3o. O compartilhamento de informa\u00e7\u00f5es e ideias fez surgir insights interessantes para aplica\u00e7\u00e3o em emissoras de outas regi\u00f5es. O presidente do SERT Jovem, Thiago Librelato, avaliou positivamente a iniciativa e projetou novas visitas para 2023.<\/p>\n<p>Em junho tivemos os Encontros Regionais de Joinville, Balne\u00e1rio Cambori\u00fa e Chapec\u00f3. Em julho foi a vez de Tubar\u00e3o receber o evento. O presidente do SERT\/SC, Humberto Ohf de Andrade, esteve presente em todas as edi\u00e7\u00f5es e apresentou um panorama da radiodifus\u00e3o catarinense.<\/p>\n<p>Neste ano os Encontros Regionais contaram ainda com: Robson Ferry (Conte\u00fado Play), Carolina Sasse (Cadena), Dr. Marcos Ant\u00f4nio Silveira (assessor jur\u00eddico do SERT\/SC), e Kelly Costa (gerente executiva do SERT\/SC e consultora na \u00e1rea de gest\u00e3o comercial, marketing e vendas). Os temas das capacita\u00e7\u00f5es oferecidas nos encontros foram inova\u00e7\u00e3o e o pensamento fora da caixa para a radiodifus\u00e3o, LGPD aplicada \u00e0 r\u00e1dio e \u00e0 TV e potencializa\u00e7\u00e3o comercial.<\/p>\n<p>Na metade do segundo semestre ainda foi lan\u00e7ado o projeto Neg\u00f3cios Lucrativos SC. O projeto piloto foi realizado com sucesso em Ituporanga no final de julho. A agenda j\u00e1 est\u00e1 aberta para as marca\u00e7\u00f5es de 2023.<\/p>\n<p>O nosso atendimento de assessoria jur\u00eddica foi uma constante o ano inteiro. As orienta\u00e7\u00f5es aconteceram por e-mail, por WhatsApp e pessoalmente.<\/p>\n<p>Enfim um ano cheio de atividades, realiza\u00e7\u00f5es e muito aprendizado. E que 2023 traga lindas energias para todos n\u00f3s!<\/p>\n","protected":false},"excerpt":{"rendered":"<p>Um ano de muitos desafios e tamb\u00e9m de muitas realiza\u00e7\u00f5es.&hellip;<\/p>\n<p> <a class=\"more-link\" href=\"https:\/\/sertsc.org.br\/site\/retrospectiva-sert-sc-2022\/\">Leia mais<\/a><\/p>\n","protected":false},"author":1,"featured_media":18765,"comment_status":"open","ping_status":"open","sticky":false,"template":"","format":"standard","meta":{"footnotes":""},"categories":[33,1,3],"tags":[],"class_list":{"0":"post-18764","1":"post","2":"type-post","3":"status-publish","4":"format-standard","5":"has-post-thumbnail","7":"category-destaques","8":"category-geral","9":"category-noticias"},"_links":{"self":[{"href":"https:\/\/sertsc.org.br\/site\/wp-json\/wp\/v2\/posts\/18764","targetHints":{"allow":["GET"]}}],"collection":[{"href":"https:\/\/sertsc.org.br\/site\/wp-json\/wp\/v2\/posts"}],"about":[{"href":"https:\/\/sertsc.org.br\/site\/wp-json\/wp\/v2\/types\/post"}],"author":[{"embeddable":true,"href":"https:\/\/sertsc.org.br\/site\/wp-json\/wp\/v2\/users\/1"}],"replies":[{"embeddable":true,"href":"https:\/\/sertsc.org.br\/site\/wp-json\/wp\/v2\/comments?post=18764"}],"version-history":[{"count":0,"href":"https:\/\/sertsc.org.br\/site\/wp-json\/wp\/v2\/posts\/18764\/revisions"}],"wp:featuredmedia":[{"embeddable":true,"href":"https:\/\/sertsc.org.br\/site\/wp-json\/"}],"wp:attachment":[{"href":"https:\/\/sertsc.org.br\/site\/wp-json\/wp\/v2\/media?parent=18764"}],"wp:term":[{"taxonomy":"category","embeddable":true,"href":"https:\/\/sertsc.org.br\/site\/wp-json\/wp\/v2\/categories?post=18764"},{"taxonomy":"post_tag","embeddable":true,"href":"https:\/\/sertsc.org.br\/site\/wp-json\/wp\/v2\/tags?post=18764"}],"curies":[{"name":"wp","href":"https:\/\/api.w.org\/{rel}","templated":true}]}}