{"id":18754,"date":"2022-12-23T08:40:29","date_gmt":"2022-12-23T11:40:29","guid":{"rendered":"https:\/\/www.sertsc.org.br\/site\/?p=18754"},"modified":"2022-12-23T08:40:29","modified_gmt":"2022-12-23T11:40:29","slug":"recriacao-do-ministerio-das-comunicacoes-preparou-o-brasil-para-o-futuro-digital","status":"publish","type":"post","link":"https:\/\/sertsc.org.br\/site\/recriacao-do-ministerio-das-comunicacoes-preparou-o-brasil-para-o-futuro-digital\/","title":{"rendered":"Recria\u00e7\u00e3o do Minist\u00e9rio das Comunica\u00e7\u00f5es preparou o Brasil para o futuro digital"},"content":{"rendered":"<p>A\u00e7\u00f5es da Pasta abriram caminho para a tecnologia 5G, pol\u00edticas de conectividade em locais remotos e fortalecimento do setor de radiodifus\u00e3o<\/p>\n<p>O Minist\u00e9rio das Comunica\u00e7\u00f5es (MCom) foi recriado em 2020, mas o legado dos dois anos de atua\u00e7\u00e3o vai reverberar por muitos anos. Al\u00e9m da implanta\u00e7\u00e3o do 5G em todas as capitais, a Pasta avan\u00e7ou nas pol\u00edticas de conectividade e radiodifus\u00e3o, al\u00e9m de garantir investimentos em infraestrutura, promovendo inclus\u00e3o social e acesso \u00e0 informa\u00e7\u00e3o para milh\u00f5es de brasileiros.<\/p>\n<p>&#8220;Preparamos o Brasil para o futuro. Estamos entregando um legado, uma garantia que nenhum irm\u00e3o brasileiro sem internet em casa, no celular, ou onde estiver&#8221;, afirmou o ministro das Comunica\u00e7\u00f5es, F\u00e1bio Faria. Nesse sentido, o MCom fortaleceu programas consolidados, como o Wi-Fi Brasil, Computadores para Inclus\u00e3o, Digitaliza Brasil, Cidades Digitais e Norte Conectado, al\u00e9m de promover o maior leil\u00e3o de radiofrequ\u00eancias da Am\u00e9rica Latina, al\u00e7ando o Brasil a um novo patamar no mercado digital.<\/p>\n<p>QUINTA GERA\u00c7\u00c3O \u2013 Ap\u00f3s um ano do leil\u00e3o do 5G, realizado em novembro de 2021, a tecnologia j\u00e1 est\u00e1 dispon\u00edvel para cerca de 50 milh\u00f5es de pessoas que vivem nas capitais brasileiras. A quinta gera\u00e7\u00e3o de redes m\u00f3veis permite velocidade at\u00e9 100 vezes mais veloz do que o 4G, com baixa lat\u00eancia e capacidade para conectar m\u00faltiplos dispositivos.<\/p>\n<p>Acompanhe mais no <a href=\"https:\/\/www.gov.br\/mcom\/pt-br\/noticias\/2022\/dezembro\/recriacao-do-ministerio-das-comunicacoes-preparou-o-brasil-para-o-futuro-digital\">site da MCOM<\/a><\/p>\n<p><img fetchpriority=\"high\" decoding=\"async\" class=\"wp-image-18755 aligncenter\" src=\"https:\/\/www.sertsc.org.br\/site\/wp-content\/uploads\/2022\/12\/Site-1-1-300x200.png\" alt=\"\" width=\"488\" height=\"325\" \/><\/p>\n","protected":false},"excerpt":{"rendered":"<p>A\u00e7\u00f5es da Pasta abriram caminho para a tecnologia 5G, pol\u00edticas&hellip;<\/p>\n<p> <a class=\"more-link\" href=\"https:\/\/sertsc.org.br\/site\/recriacao-do-ministerio-das-comunicacoes-preparou-o-brasil-para-o-futuro-digital\/\">Leia mais<\/a><\/p>\n","protected":false},"author":1,"featured_media":18755,"comment_status":"open","ping_status":"open","sticky":false,"template":"","format":"standard","meta":{"footnotes":""},"categories":[33,3],"tags":[],"class_list":{"0":"post-18754","1":"post","2":"type-post","3":"status-publish","4":"format-standard","5":"has-post-thumbnail","7":"category-destaques","8":"category-noticias"},"_links":{"self":[{"href":"https:\/\/sertsc.org.br\/site\/wp-json\/wp\/v2\/posts\/18754","targetHints":{"allow":["GET"]}}],"collection":[{"href":"https:\/\/sertsc.org.br\/site\/wp-json\/wp\/v2\/posts"}],"about":[{"href":"https:\/\/sertsc.org.br\/site\/wp-json\/wp\/v2\/types\/post"}],"author":[{"embeddable":true,"href":"https:\/\/sertsc.org.br\/site\/wp-json\/wp\/v2\/users\/1"}],"replies":[{"embeddable":true,"href":"https:\/\/sertsc.org.br\/site\/wp-json\/wp\/v2\/comments?post=18754"}],"version-history":[{"count":0,"href":"https:\/\/sertsc.org.br\/site\/wp-json\/wp\/v2\/posts\/18754\/revisions"}],"wp:featuredmedia":[{"embeddable":true,"href":"https:\/\/sertsc.org.br\/site\/wp-json\/"}],"wp:attachment":[{"href":"https:\/\/sertsc.org.br\/site\/wp-json\/wp\/v2\/media?parent=18754"}],"wp:term":[{"taxonomy":"category","embeddable":true,"href":"https:\/\/sertsc.org.br\/site\/wp-json\/wp\/v2\/categories?post=18754"},{"taxonomy":"post_tag","embeddable":true,"href":"https:\/\/sertsc.org.br\/site\/wp-json\/wp\/v2\/tags?post=18754"}],"curies":[{"name":"wp","href":"https:\/\/api.w.org\/{rel}","templated":true}]}}