{"id":18743,"date":"2022-12-21T08:48:18","date_gmt":"2022-12-21T11:48:18","guid":{"rendered":"https:\/\/www.sertsc.org.br\/site\/?p=18743"},"modified":"2022-12-21T08:48:18","modified_gmt":"2022-12-21T11:48:18","slug":"prazo-para-envio-de-declaracao-de-composicao-societaria-termina-em-30-de-dezembro","status":"publish","type":"post","link":"https:\/\/sertsc.org.br\/site\/prazo-para-envio-de-declaracao-de-composicao-societaria-termina-em-30-de-dezembro\/","title":{"rendered":"Prazo para envio de declara\u00e7\u00e3o de composi\u00e7\u00e3o societ\u00e1ria termina em 30 de dezembro"},"content":{"rendered":"<p>O MCom (Minist\u00e9rio das Comunica\u00e7\u00f5es) aguarda at\u00e9 o pr\u00f3ximo dia 31 o recebimento por parte das emissoras de r\u00e1dio e televis\u00e3o o envio da declara\u00e7\u00e3o com a composi\u00e7\u00e3o do capital social. A Associa\u00e7\u00e3o das Emissoras de R\u00e1dio e TV do Estado do Rio de Janeiro (AERJ), realizou uma live, na quinta-feira (15), para esclarecimento de d\u00favida sobre a declara\u00e7\u00e3o de composi\u00e7\u00e3o social.<\/p>\n<p>A live teve a participa\u00e7\u00e3o do diretor de Assuntos Legais e Regulat\u00f3rios da ABERT, Rodolfo Salema. Ele esclareceu que o envio deve ser feito de forma eletr\u00f4nica, por meio do SEI (Sistema Eletr\u00f4nico de Informa\u00e7\u00f5es). A aus\u00eancia do documento pode implicar em instaura\u00e7\u00e3o de processo e aplica\u00e7\u00e3o de penalidade.<\/p>\n<p>Todas as concession\u00e1rias e permission\u00e1rias dos servi\u00e7os de r\u00e1dio e TV dever\u00e3o enviar ao Minist\u00e9rio das Comunica\u00e7\u00f5es (MCom), at\u00e9 o dia 30 de dezembro (\u00faltimo dia \u00fatil), a declara\u00e7\u00e3o com a composi\u00e7\u00e3o de capital social. A apresenta\u00e7\u00e3o do documento \u00e9 obrigat\u00f3ria tamb\u00e9m junto aos \u00f3rg\u00e3os de registro comercial ou de registro civil de pessoas jur\u00eddicas.<\/p>\n<p>Um modelo de declara\u00e7\u00e3o est\u00e1 dispon\u00edvel para preenchimento no site da ABERT, na \u00e1rea \u201cMaterial de Apoio ao Radiodifusor\u201d (Formul\u00e1rios MCOM: Declara\u00e7\u00e3o Anual do Capital Social). A ABERT esclarece, ainda, que o MCom n\u00e3o recebe documento f\u00edsico (papel) e as declara\u00e7\u00f5es n\u00e3o devem ser enviadas para a Associa\u00e7\u00e3o.<\/p>\n<p>O peticionamento junto ao MCom deve ser feito eletronicamente, pela pr\u00f3pria emissora, por meio da ferramenta \u201cProtocolo Digital do MCom\u201d (AQUI).<\/p>\n<p>A nova ferramenta substituiu o antigo sistema de protocolo eletr\u00f4nico CADSEI. J\u00e1 no caso dos \u00f3rg\u00e3os de registro, a forma de envio depende de cada localidade. A n\u00e3o apresenta\u00e7\u00e3o do documento pode resultar em instaura\u00e7\u00e3o de processo e aplica\u00e7\u00e3o de penalidades.<\/p>\n<p>Para auxiliar as emissoras associadas no caso de d\u00favidas, a ABERT disponibilizou o e-mail: juridico@abert.org.br e o telefone (61) 2104-4600.<\/p>\n<p><img fetchpriority=\"high\" decoding=\"async\" class=\"wp-image-18744 aligncenter\" src=\"https:\/\/www.sertsc.org.br\/site\/wp-content\/uploads\/2022\/12\/Copia-de-Niver-Email--300x200.png\" alt=\"\" width=\"492\" height=\"328\" \/><\/p>\n<p>Fonte:Tudo R\u00e1dio.<\/p>\n<div class=\"sfsi_responsive_icons\" data-icon-width-type=\"Fully responsive\" data-icon-width-size=\"240\" data-edge-type=\"Round\" data-edge-radius=\"5\">\n<div class=\"sfsi_icons_container sfsi_responsive_without_counter_icons sfsi_medium_button_container sfsi_icons_container_box_fully_container \"><\/div>\n<\/div>\n","protected":false},"excerpt":{"rendered":"<p>O MCom (Minist\u00e9rio das Comunica\u00e7\u00f5es) aguarda at\u00e9 o pr\u00f3ximo dia&hellip;<\/p>\n<p> <a class=\"more-link\" href=\"https:\/\/sertsc.org.br\/site\/prazo-para-envio-de-declaracao-de-composicao-societaria-termina-em-30-de-dezembro\/\">Leia mais<\/a><\/p>\n","protected":false},"author":1,"featured_media":18744,"comment_status":"open","ping_status":"open","sticky":false,"template":"","format":"standard","meta":{"footnotes":""},"categories":[33,3],"tags":[],"class_list":{"0":"post-18743","1":"post","2":"type-post","3":"status-publish","4":"format-standard","5":"has-post-thumbnail","7":"category-destaques","8":"category-noticias"},"_links":{"self":[{"href":"https:\/\/sertsc.org.br\/site\/wp-json\/wp\/v2\/posts\/18743","targetHints":{"allow":["GET"]}}],"collection":[{"href":"https:\/\/sertsc.org.br\/site\/wp-json\/wp\/v2\/posts"}],"about":[{"href":"https:\/\/sertsc.org.br\/site\/wp-json\/wp\/v2\/types\/post"}],"author":[{"embeddable":true,"href":"https:\/\/sertsc.org.br\/site\/wp-json\/wp\/v2\/users\/1"}],"replies":[{"embeddable":true,"href":"https:\/\/sertsc.org.br\/site\/wp-json\/wp\/v2\/comments?post=18743"}],"version-history":[{"count":0,"href":"https:\/\/sertsc.org.br\/site\/wp-json\/wp\/v2\/posts\/18743\/revisions"}],"wp:featuredmedia":[{"embeddable":true,"href":"https:\/\/sertsc.org.br\/site\/wp-json\/"}],"wp:attachment":[{"href":"https:\/\/sertsc.org.br\/site\/wp-json\/wp\/v2\/media?parent=18743"}],"wp:term":[{"taxonomy":"category","embeddable":true,"href":"https:\/\/sertsc.org.br\/site\/wp-json\/wp\/v2\/categories?post=18743"},{"taxonomy":"post_tag","embeddable":true,"href":"https:\/\/sertsc.org.br\/site\/wp-json\/wp\/v2\/tags?post=18743"}],"curies":[{"name":"wp","href":"https:\/\/api.w.org\/{rel}","templated":true}]}}