{"id":18739,"date":"2022-12-15T15:37:55","date_gmt":"2022-12-15T18:37:55","guid":{"rendered":"https:\/\/www.sertsc.org.br\/site\/?p=18739"},"modified":"2022-12-15T15:37:55","modified_gmt":"2022-12-15T18:37:55","slug":"reuniao-de-diretoria-sert-sc-2","status":"publish","type":"post","link":"https:\/\/sertsc.org.br\/site\/reuniao-de-diretoria-sert-sc-2\/","title":{"rendered":"Reuni\u00e3o de Diretoria SERT\/SC"},"content":{"rendered":"<p>Reuni\u00e3o de Diretoria SERT\/SC<\/p>\n<p>&nbsp;<\/p>\n<p>Aconteceu nesta quinta-feira, dia 15 de dezembro, a \u00faltima reuni\u00e3o de 2022 da Diretoria do Sindicato das Empresas de R\u00e1dio e Televis\u00e3o de Santa Catarina. Na pauta estavam t\u00f3picos como: previs\u00e3o or\u00e7ament\u00e1ria para 2023, review 2022, perspectivas para 2023 e resultados de encontros com outras institui\u00e7\u00f5es.<\/p>\n<p>A reuni\u00e3o foi aberta com a fala de Humberto Ohf de Andrade, presidente do SERT\/SC. A secret\u00e1ria executiva do SERT\/SC, Kelly Costa, apresentou a previs\u00e3o or\u00e7ament\u00e1ria para o pr\u00f3ximo ano, bem como os acontecimentos relativos a 2022 e o planejamento de atividades para 2023.<\/p>\n<p>O presidente fechou a reuni\u00e3o com o desejo de boas festas a todos e o agradecimento pela participa\u00e7\u00e3o.<\/p>\n","protected":false},"excerpt":{"rendered":"<p>Reuni\u00e3o de Diretoria SERT\/SC &nbsp; Aconteceu nesta quinta-feira, dia 15&hellip;<\/p>\n<p> <a class=\"more-link\" href=\"https:\/\/sertsc.org.br\/site\/reuniao-de-diretoria-sert-sc-2\/\">Leia mais<\/a><\/p>\n","protected":false},"author":1,"featured_media":18741,"comment_status":"open","ping_status":"open","sticky":false,"template":"","format":"standard","meta":{"footnotes":""},"categories":[33,3],"tags":[],"class_list":{"0":"post-18739","1":"post","2":"type-post","3":"status-publish","4":"format-standard","5":"has-post-thumbnail","7":"category-destaques","8":"category-noticias"},"_links":{"self":[{"href":"https:\/\/sertsc.org.br\/site\/wp-json\/wp\/v2\/posts\/18739","targetHints":{"allow":["GET"]}}],"collection":[{"href":"https:\/\/sertsc.org.br\/site\/wp-json\/wp\/v2\/posts"}],"about":[{"href":"https:\/\/sertsc.org.br\/site\/wp-json\/wp\/v2\/types\/post"}],"author":[{"embeddable":true,"href":"https:\/\/sertsc.org.br\/site\/wp-json\/wp\/v2\/users\/1"}],"replies":[{"embeddable":true,"href":"https:\/\/sertsc.org.br\/site\/wp-json\/wp\/v2\/comments?post=18739"}],"version-history":[{"count":0,"href":"https:\/\/sertsc.org.br\/site\/wp-json\/wp\/v2\/posts\/18739\/revisions"}],"wp:featuredmedia":[{"embeddable":true,"href":"https:\/\/sertsc.org.br\/site\/wp-json\/"}],"wp:attachment":[{"href":"https:\/\/sertsc.org.br\/site\/wp-json\/wp\/v2\/media?parent=18739"}],"wp:term":[{"taxonomy":"category","embeddable":true,"href":"https:\/\/sertsc.org.br\/site\/wp-json\/wp\/v2\/categories?post=18739"},{"taxonomy":"post_tag","embeddable":true,"href":"https:\/\/sertsc.org.br\/site\/wp-json\/wp\/v2\/tags?post=18739"}],"curies":[{"name":"wp","href":"https:\/\/api.w.org\/{rel}","templated":true}]}}