{"id":18736,"date":"2022-12-15T15:17:32","date_gmt":"2022-12-15T18:17:32","guid":{"rendered":"https:\/\/www.sertsc.org.br\/site\/?p=18736"},"modified":"2022-12-15T15:17:32","modified_gmt":"2022-12-15T18:17:32","slug":"aberta-a-assembleia-geral-extraordinaria-sert-sc","status":"publish","type":"post","link":"https:\/\/sertsc.org.br\/site\/aberta-a-assembleia-geral-extraordinaria-sert-sc\/","title":{"rendered":"Aberta a ASSEMBLEIA GERAL EXTRAORDIN\u00c1RIA SERT\/SC"},"content":{"rendered":"<p>Nesta quinta-feira, dia 15 de dezembro, foi aberta a ASSEMBLEIA GERAL EXTRAORDIN\u00c1RIA do SERT\/SC. A reuni\u00e3o aconteceu presencialmente na sede do Sindicato das Empresas de R\u00e1dio e Televis\u00e3o de Santa Catarina e tamb\u00e9m de forma online pelo Google Meet. Mais de vinte radiodifusores participaram ativamente da resolu\u00e7\u00e3o das diretrizes iniciais.<\/p>\n<p>Na pauta a forma\u00e7\u00e3o da comiss\u00e3o para negocia\u00e7\u00e3o da Conven\u00e7\u00e3o Coletiva de Trabalho de 2023. O presidente do SERT\/SC, Humberto Ohf de Andrade, abriu a assembleia e explanou sobre a import\u00e2ncia de ter uma classe comprometida com boas negocia\u00e7\u00f5es e tamb\u00e9m com o desenvolvimento da radiodifus\u00e3o catarinense.<\/p>\n<p>A assembleia permanece aberta at\u00e9 a conclus\u00e3o em 2023 com o fechamento da CCT.<\/p>\n","protected":false},"excerpt":{"rendered":"<p>Nesta quinta-feira, dia 15 de dezembro, foi aberta a ASSEMBLEIA&hellip;<\/p>\n<p> <a class=\"more-link\" href=\"https:\/\/sertsc.org.br\/site\/aberta-a-assembleia-geral-extraordinaria-sert-sc\/\">Leia mais<\/a><\/p>\n","protected":false},"author":1,"featured_media":18737,"comment_status":"open","ping_status":"open","sticky":false,"template":"","format":"standard","meta":{"footnotes":""},"categories":[33,3],"tags":[],"class_list":{"0":"post-18736","1":"post","2":"type-post","3":"status-publish","4":"format-standard","5":"has-post-thumbnail","7":"category-destaques","8":"category-noticias"},"_links":{"self":[{"href":"https:\/\/sertsc.org.br\/site\/wp-json\/wp\/v2\/posts\/18736","targetHints":{"allow":["GET"]}}],"collection":[{"href":"https:\/\/sertsc.org.br\/site\/wp-json\/wp\/v2\/posts"}],"about":[{"href":"https:\/\/sertsc.org.br\/site\/wp-json\/wp\/v2\/types\/post"}],"author":[{"embeddable":true,"href":"https:\/\/sertsc.org.br\/site\/wp-json\/wp\/v2\/users\/1"}],"replies":[{"embeddable":true,"href":"https:\/\/sertsc.org.br\/site\/wp-json\/wp\/v2\/comments?post=18736"}],"version-history":[{"count":0,"href":"https:\/\/sertsc.org.br\/site\/wp-json\/wp\/v2\/posts\/18736\/revisions"}],"wp:featuredmedia":[{"embeddable":true,"href":"https:\/\/sertsc.org.br\/site\/wp-json\/"}],"wp:attachment":[{"href":"https:\/\/sertsc.org.br\/site\/wp-json\/wp\/v2\/media?parent=18736"}],"wp:term":[{"taxonomy":"category","embeddable":true,"href":"https:\/\/sertsc.org.br\/site\/wp-json\/wp\/v2\/categories?post=18736"},{"taxonomy":"post_tag","embeddable":true,"href":"https:\/\/sertsc.org.br\/site\/wp-json\/wp\/v2\/tags?post=18736"}],"curies":[{"name":"wp","href":"https:\/\/api.w.org\/{rel}","templated":true}]}}