{"id":18730,"date":"2022-12-15T14:36:27","date_gmt":"2022-12-15T17:36:27","guid":{"rendered":"https:\/\/www.sertsc.org.br\/site\/?p=18730"},"modified":"2022-12-15T14:36:27","modified_gmt":"2022-12-15T17:36:27","slug":"faixa-de-35-ghz-e-liberada-em-15-municipios-para-a-implantacao-do-5g","status":"publish","type":"post","link":"https:\/\/sertsc.org.br\/site\/faixa-de-35-ghz-e-liberada-em-15-municipios-para-a-implantacao-do-5g\/","title":{"rendered":"Faixa de 3,5 GHz \u00e9 liberada em 15 munic\u00edpios para a implanta\u00e7\u00e3o do 5G"},"content":{"rendered":"<p>Decis\u00e3o do Gaispi em reuni\u00e3o nesta quarta-feira (14) permite que as prestadoras licenciem esta\u00e7\u00f5es nessas localidades<\/p>\n<p>limpeza da Faixa de 3,5 GHz j\u00e1 foi realizada em 15 munic\u00edpios brasileiros. Esta \u00e9 a segunda etapa do processo de instala\u00e7\u00e3o do 5G no pa\u00eds, ap\u00f3s a ativa\u00e7\u00e3o da tecnologia em todas as capitais brasileiras. Por isso, nesta quarta-feira (14), em reuni\u00e3o Grupo de Acompanhamento da Implanta\u00e7\u00e3o das Solu\u00e7\u00f5es para os Problemas de Interfer\u00eancia na faixa de 3.625 a 3.700 MHz (Gaispi), do qual o Minist\u00e9rio das Comunica\u00e7\u00f5es (MCom) \u00e9 integrante, foi acordado que as prestadoras que adquiriram lotes no Leil\u00e3o para estas cidades poder\u00e3o solicitar \u00e0 Ag\u00eancia Nacional de Telecomunica\u00e7\u00f5es (Anatel) o licenciamento de esta\u00e7\u00f5es do 5G.<\/p>\n<p>Das 15 cidades, seis possuem popula\u00e7\u00e3o superior a 500 mil habitantes e teriam a faixa liberada j\u00e1 em 1\u00ba de janeiro. S\u00e3o elas: Ananindeua (PA), Aparecida de Goi\u00e2nia (GO), Caxias do Sul (RS), Jaboat\u00e3o dos Guararapes (PE) Joinville (SC) e Londrina (PR). Os outros nove s\u00e3o munic\u00edpios menores, mas que fazem parte de regi\u00f5es metropolitanas ou s\u00e3o pr\u00f3ximos aos munic\u00edpios maiores: Diadema (SP), Mesquita (RJ), Nil\u00f3polis (RJ), Olinda (PE), Paulista (PE), S\u00e3o Caetano do Sul (SP), S\u00e3o Francisco do Sul (SC), S\u00e3o Jo\u00e3o de Meriti (RJ) e S\u00e3o Jos\u00e9 (SC).<\/p>\n<p>Para as outras 20 cidades com mais de 500 mil habitantes, o uso da faixa estar\u00e1 permitido a partir de 1\u00ba de janeiro, n\u00e3o sendo necess\u00e1ria nova delibera\u00e7\u00e3o por parte do Gaispi.<\/p>\n<p>A antecipa\u00e7\u00e3o da libera\u00e7\u00e3o foi poss\u00edvel porque a Entidade Administradora da Faixa de 3,5 GHz (EAF) j\u00e1 iniciou a migra\u00e7\u00e3o da recep\u00e7\u00e3o do sinal de televis\u00e3o aberta e gratuita por meio de antenas parab\u00f3licas na banda C para a banda Ku e conclui as a\u00e7\u00f5es necess\u00e1rias para a desocupa\u00e7\u00e3o desta faixa por sistemas do Servi\u00e7o Fixo por Sat\u00e9lite (FSS), tendo instalado os filtros para a mitiga\u00e7\u00e3o de interfer\u00eancias em todas as esta\u00e7\u00f5es do FSS impactadas. At\u00e9 o momento, 11,5 mil fam\u00edlias que fazem parte do Cadastro \u00danico para Programas Sociais j\u00e1 realizaram a troca dos kits de antena parab\u00f3lica em todo o pa\u00eds.<\/p>\n<p>IMPLANTA\u00c7\u00c3O &#8211; A libera\u00e7\u00e3o da faixa n\u00e3o implica na instala\u00e7\u00e3o imediata das redes do 5G nas localidades, pois, de acordo com o edital, os compromissos est\u00e3o programados para vencer a partir de 2025. A instala\u00e7\u00e3o antecipada de esta\u00e7\u00f5es do 5G nessas cidades depende do planejamento e interesse de cada prestadora.<\/p>\n<p><img fetchpriority=\"high\" decoding=\"async\" class=\"wp-image-18731 aligncenter\" src=\"https:\/\/www.sertsc.org.br\/site\/wp-content\/uploads\/2022\/12\/Niver-Email--300x200.png\" alt=\"\" width=\"491\" height=\"327\" \/><\/p>\n<p>Fonte: MCOM<\/p>\n","protected":false},"excerpt":{"rendered":"<p>Decis\u00e3o do Gaispi em reuni\u00e3o nesta quarta-feira (14) permite que&hellip;<\/p>\n<p> <a class=\"more-link\" href=\"https:\/\/sertsc.org.br\/site\/faixa-de-35-ghz-e-liberada-em-15-municipios-para-a-implantacao-do-5g\/\">Leia mais<\/a><\/p>\n","protected":false},"author":1,"featured_media":18731,"comment_status":"open","ping_status":"open","sticky":false,"template":"","format":"standard","meta":{"footnotes":""},"categories":[33,3],"tags":[],"class_list":{"0":"post-18730","1":"post","2":"type-post","3":"status-publish","4":"format-standard","5":"has-post-thumbnail","7":"category-destaques","8":"category-noticias"},"_links":{"self":[{"href":"https:\/\/sertsc.org.br\/site\/wp-json\/wp\/v2\/posts\/18730","targetHints":{"allow":["GET"]}}],"collection":[{"href":"https:\/\/sertsc.org.br\/site\/wp-json\/wp\/v2\/posts"}],"about":[{"href":"https:\/\/sertsc.org.br\/site\/wp-json\/wp\/v2\/types\/post"}],"author":[{"embeddable":true,"href":"https:\/\/sertsc.org.br\/site\/wp-json\/wp\/v2\/users\/1"}],"replies":[{"embeddable":true,"href":"https:\/\/sertsc.org.br\/site\/wp-json\/wp\/v2\/comments?post=18730"}],"version-history":[{"count":0,"href":"https:\/\/sertsc.org.br\/site\/wp-json\/wp\/v2\/posts\/18730\/revisions"}],"wp:featuredmedia":[{"embeddable":true,"href":"https:\/\/sertsc.org.br\/site\/wp-json\/"}],"wp:attachment":[{"href":"https:\/\/sertsc.org.br\/site\/wp-json\/wp\/v2\/media?parent=18730"}],"wp:term":[{"taxonomy":"category","embeddable":true,"href":"https:\/\/sertsc.org.br\/site\/wp-json\/wp\/v2\/categories?post=18730"},{"taxonomy":"post_tag","embeddable":true,"href":"https:\/\/sertsc.org.br\/site\/wp-json\/wp\/v2\/tags?post=18730"}],"curies":[{"name":"wp","href":"https:\/\/api.w.org\/{rel}","templated":true}]}}